{"id":572,"date":"2023-03-30T09:17:45","date_gmt":"2023-03-30T09:17:45","guid":{"rendered":"https:\/\/avocat-grezillier.fr\/?p=572"},"modified":"2023-03-30T09:17:45","modified_gmt":"2023-03-30T09:17:45","slug":"revue-de-droit-rural-numero-de-decembre-mon-article-sur-les-reserves-de-substitution","status":"publish","type":"post","link":"https:\/\/avocat-grezillier.fr\/index.php\/2023\/03\/30\/revue-de-droit-rural-numero-de-decembre-mon-article-sur-les-reserves-de-substitution\/","title":{"rendered":"REVUE DE DROIT RURAL (num\u00e9ro de d\u00e9cembre) : mon article sur les r\u00e9serves de substitution"},"content":{"rendered":"\n<p id=\"viewer-foo\">\ud83d\ude9c \ud83c\udf3e\ud83c\udf3cA retrouver notamment dans le n\u00b0 de d\u00e9cembre 2022 de la Revue de Droit <a href=\"https:\/\/www.linkedin.com\/feed\/hashtag\/?keywords=rural&amp;highlightedUpdateUrns=urn%3Ali%3Aactivity%3A7006264226801418240\" target=\"_blank\" rel=\"noreferrer noopener\">#Rural<\/a> :<\/p>\n\n\n\n<p id=\"viewer-40fql\">\u2705 <a href=\"https:\/\/www.linkedin.com\/in\/ACoAAA-hfTIBI8_yO6aE1p7hQgpULrkJtET7S1c\" target=\"_blank\" rel=\"noreferrer noopener\">Alice Gr\u00e9zillier<\/a><a href=\"https:\/\/www.linkedin.com\/in\/ACoAAA-hfTIBI8_yO6aE1p7hQgpULrkJtET7S1c\" target=\"_blank\" rel=\"noreferrer noopener\">Alice<\/a>, un focus, \u00e0 propos des bassines de r\u00e9tention d\u2019eau : les \u00ab m\u00e9ga-bassines \u00bb : lessivons les fausses id\u00e9es ! <a href=\"https:\/\/www.linkedin.com\/feed\/hashtag\/?keywords=eau&amp;highlightedUpdateUrns=urn%3Ali%3Aactivity%3A7006264226801418240\" target=\"_blank\" rel=\"noreferrer noopener\">#EAU<\/a><\/p>\n\n\n\n<p id=\"viewer-q9n1\">\u2705 Jean-Fran\u00e7ois JOYE et Adrienne LE ROY, \u00e9tude, La section de commune : un \u00ab commun \u00bb pour l\u2019alimentation durable<\/p>\n\n\n\n<p id=\"viewer-be5cs\">\u2705Marine NOSSEREAU, \u00e9tude, La contractualisation coop\u00e9rative agricole <a href=\"https:\/\/www.linkedin.com\/feed\/hashtag\/?keywords=cooperative&amp;highlightedUpdateUrns=urn%3Ali%3Aactivity%3A7006264226801418240\" target=\"_blank\" rel=\"noreferrer noopener\">#COOPERATIVE<\/a><\/p>\n\n\n\n<p id=\"viewer-4oa9v\">\u2705 <a href=\"https:\/\/www.linkedin.com\/in\/ACoAADR_K4YBfaC_Hw4-4AiruMAO-S3CoVXfN0s\" target=\"_blank\" rel=\"noreferrer noopener\">Samuel CREVEL<\/a>, un commentaire , \u00ab L\u2019avis derri\u00e8re soi \u00bb : Le locataire qui n\u2019adresse pas au bailleur l\u2019avis de mise \u00e0 disposition (C. rur., art. L. 411-37) s\u2019expose de plein droit, m\u00eame en l\u2019absence de manquement pr\u00e9judiciable pour le bailleur, \u00e0 \u00eatre ult\u00e9rieurement d\u00e9chu du droit de c\u00e9der son bail (\u00e0 propos de Cass. 3e civ., 26 oct. 2022, n\u00b0 21-17.886) <a href=\"https:\/\/www.linkedin.com\/feed\/hashtag\/?keywords=bailrural&amp;highlightedUpdateUrns=urn%3Ali%3Aactivity%3A7006264226801418240\" target=\"_blank\" rel=\"noreferrer noopener\">#BAILRURAL<\/a><\/p>\n\n\n\n<p id=\"viewer-ab7jp\">\u2705Vincent DOEBELIN, commentaire, \u00ab L\u2019absence d\u2019int\u00e9r\u00eat \u00e0 agir du d\u00e9partement contre l\u2019implantation d\u2019\u00e9oliennes \u00bb (\u00e0 propos de CAA Bordeaux, 31 mai 2022, n\u00b0 19BX04905) <a href=\"https:\/\/www.linkedin.com\/feed\/hashtag\/?keywords=environnement&amp;highlightedUpdateUrns=urn%3Ali%3Aactivity%3A7006264226801418240\" target=\"_blank\" rel=\"noreferrer noopener\">#ENVIRONNEMENT<\/a><\/p>\n\n\n\n<p id=\"viewer-7qb3s\">\u2705Thierry TAURAN, Fixation du taux d\u2019incapacit\u00e9 permanente partielle d\u2019un ouvrier agricole : probl\u00e8me d\u2019amputation d\u2019un doigt (\u00e0 propos de CA N\u00eemes, 12 avr. 2022, n\u00b0 19\/047901) <a href=\"https:\/\/www.linkedin.com\/feed\/hashtag\/?keywords=droitsocial&amp;highlightedUpdateUrns=urn%3Ali%3Aactivity%3A7006264226801418240\" target=\"_blank\" rel=\"noreferrer noopener\">#DROITSOCIAL<\/a><\/p>\n\n\n\n<p id=\"viewer-cljea\">\u2705Jean-Marc BAHANS, commentaire sur le refus de la mention de l\u2019unit\u00e9 g\u00e9ographique \u00ab Vins de Bourgogne \u00bb dans l\u2019\u00e9tiquetage des vins de l\u2019AOC M\u00e2con (\u00e0 propos de TA Dijon, 2e ch., 30 juin 2022, n\u00b0 2101272) <a href=\"https:\/\/www.linkedin.com\/feed\/hashtag\/?keywords=vin&amp;highlightedUpdateUrns=urn%3Ali%3Aactivity%3A7006264226801418240\" target=\"_blank\" rel=\"noreferrer noopener\">#VIN<\/a><\/p>\n\n\n\n<p id=\"viewer-2pgtb\">\u2705 <a rel=\"noreferrer noopener\" href=\"https:\/\/www.linkedin.com\/in\/ACoAAAPHq7oBdwdKs4zhe_1Wz9z_2A_jMJABK9A\" target=\"_blank\">Daniel Gadbin<\/a>, un commentaire sur l\u2019\u2019obligation de pr\u00e9venir la d\u00e9t\u00e9rioration de l\u2019\u00e9tat des masses d\u2019eau : la France rappel\u00e9e \u00e0 l\u2019ordre \u00e0 l\u2019ordre (CJUE, 2e ch., 5 mai 2022, aff. C-525\/20, Assoc. France Nature Environnement) <a rel=\"noreferrer noopener\" href=\"https:\/\/www.linkedin.com\/feed\/hashtag\/?keywords=eau&amp;highlightedUpdateUrns=urn%3Ali%3Aactivity%3A7006264226801418240\" target=\"_blank\">#EAU<\/a><\/p>\n\n\n\n<p><\/p>\n\n\n\n<figure class=\"wp-block-image size-large\"><img fetchpriority=\"high\" decoding=\"async\" width=\"884\" height=\"1024\" src=\"https:\/\/avocat-grezillier.fr\/wp-content\/uploads\/2023\/03\/b9cb6d_f991d28982244008be792da3981b751amv2.jpg-884x1024.webp\" alt=\"\" class=\"wp-image-573\" srcset=\"https:\/\/avocat-grezillier.fr\/wp-content\/uploads\/2023\/03\/b9cb6d_f991d28982244008be792da3981b751amv2.jpg-884x1024.webp 884w, https:\/\/avocat-grezillier.fr\/wp-content\/uploads\/2023\/03\/b9cb6d_f991d28982244008be792da3981b751amv2.jpg-259x300.webp 259w, https:\/\/avocat-grezillier.fr\/wp-content\/uploads\/2023\/03\/b9cb6d_f991d28982244008be792da3981b751amv2.jpg-768x890.webp 768w, https:\/\/avocat-grezillier.fr\/wp-content\/uploads\/2023\/03\/b9cb6d_f991d28982244008be792da3981b751amv2.jpg.webp 1326w\" sizes=\"(max-width: 884px) 100vw, 884px\" \/><\/figure>\n","protected":false},"excerpt":{"rendered":"<p>\ud83d\ude9c \ud83c\udf3e\ud83c\udf3cA retrouver notamment dans le n\u00b0 de d\u00e9cembre 2022 de la Revue de Droit #Rural : \u2705 Alice Gr\u00e9zillierAlice, un focus, \u00e0 propos des bassines de r\u00e9tention d\u2019eau : les \u00ab m\u00e9ga-bassines \u00bb : lessivons les fausses id\u00e9es ! #EAU \u2705 Jean-Fran\u00e7ois JOYE et Adrienne LE ROY, \u00e9tude, La section de commune : un [&hellip;]<\/p>\n","protected":false},"author":2,"featured_media":0,"comment_status":"open","ping_status":"open","sticky":false,"template":"","format":"standard","meta":{"_jetpack_memberships_contains_paid_content":false,"footnotes":""},"categories":[1],"tags":[],"class_list":["post-572","post","type-post","status-publish","format-standard","hentry","category-uncategorized"],"yoast_head":"<!-- This site is optimized with the Yoast SEO plugin v27.4 - https:\/\/yoast.com\/product\/yoast-seo-wordpress\/ -->\n<title>REVUE DE DROIT RURAL (num\u00e9ro de d\u00e9cembre) : mon article sur les r\u00e9serves de substitution - Alice Gr\u00e9zillier<\/title>\n<meta name=\"robots\" content=\"index, follow, max-snippet:-1, max-image-preview:large, max-video-preview:-1\" \/>\n<link rel=\"canonical\" href=\"https:\/\/avocat-grezillier.fr\/index.php\/2023\/03\/30\/revue-de-droit-rural-numero-de-decembre-mon-article-sur-les-reserves-de-substitution\/\" \/>\n<meta property=\"og:locale\" content=\"fr_FR\" \/>\n<meta property=\"og:type\" content=\"article\" \/>\n<meta property=\"og:title\" content=\"REVUE DE DROIT RURAL (num\u00e9ro de d\u00e9cembre) : mon article sur les r\u00e9serves de substitution - Alice Gr\u00e9zillier\" \/>\n<meta property=\"og:description\" content=\"\ud83d\ude9c \ud83c\udf3e\ud83c\udf3cA retrouver notamment dans le n\u00b0 de d\u00e9cembre 2022 de la Revue de Droit #Rural : \u2705 Alice Gr\u00e9zillierAlice, un focus, \u00e0 propos des bassines de r\u00e9tention d\u2019eau : les \u00ab m\u00e9ga-bassines \u00bb : lessivons les fausses id\u00e9es ! #EAU \u2705 Jean-Fran\u00e7ois JOYE et Adrienne LE ROY, \u00e9tude, La section de commune : un [&hellip;]\" \/>\n<meta property=\"og:url\" content=\"https:\/\/avocat-grezillier.fr\/index.php\/2023\/03\/30\/revue-de-droit-rural-numero-de-decembre-mon-article-sur-les-reserves-de-substitution\/\" \/>\n<meta property=\"og:site_name\" content=\"Alice Gr\u00e9zillier\" \/>\n<meta property=\"article:published_time\" content=\"2023-03-30T09:17:45+00:00\" \/>\n<meta property=\"og:image\" content=\"https:\/\/avocat-grezillier.fr\/wp-content\/uploads\/2023\/03\/b9cb6d_f991d28982244008be792da3981b751amv2.jpg-884x1024.webp\" \/>\n<meta name=\"author\" content=\"Avocat Grezillier\" \/>\n<meta name=\"twitter:card\" content=\"summary_large_image\" \/>\n<meta name=\"twitter:label1\" content=\"\u00c9crit par\" \/>\n\t<meta name=\"twitter:data1\" content=\"Avocat Grezillier\" \/>\n\t<meta name=\"twitter:label2\" content=\"Dur\u00e9e de lecture estim\u00e9e\" \/>\n\t<meta name=\"twitter:data2\" content=\"1 minute\" \/>\n<script type=\"application\/ld+json\" class=\"yoast-schema-graph\">{\"@context\":\"https:\\\/\\\/schema.org\",\"@graph\":[{\"@type\":\"Article\",\"@id\":\"https:\\\/\\\/avocat-grezillier.fr\\\/index.php\\\/2023\\\/03\\\/30\\\/revue-de-droit-rural-numero-de-decembre-mon-article-sur-les-reserves-de-substitution\\\/#article\",\"isPartOf\":{\"@id\":\"https:\\\/\\\/avocat-grezillier.fr\\\/index.php\\\/2023\\\/03\\\/30\\\/revue-de-droit-rural-numero-de-decembre-mon-article-sur-les-reserves-de-substitution\\\/\"},\"author\":{\"name\":\"Avocat Grezillier\",\"@id\":\"https:\\\/\\\/avocat-grezillier.fr\\\/#\\\/schema\\\/person\\\/e9c9933d6fa727751ee378458f7bff3d\"},\"headline\":\"REVUE DE DROIT RURAL (num\u00e9ro de d\u00e9cembre) : mon article sur les r\u00e9serves de substitution\",\"datePublished\":\"2023-03-30T09:17:45+00:00\",\"mainEntityOfPage\":{\"@id\":\"https:\\\/\\\/avocat-grezillier.fr\\\/index.php\\\/2023\\\/03\\\/30\\\/revue-de-droit-rural-numero-de-decembre-mon-article-sur-les-reserves-de-substitution\\\/\"},\"wordCount\":277,\"commentCount\":0,\"publisher\":{\"@id\":\"https:\\\/\\\/avocat-grezillier.fr\\\/#organization\"},\"image\":{\"@id\":\"https:\\\/\\\/avocat-grezillier.fr\\\/index.php\\\/2023\\\/03\\\/30\\\/revue-de-droit-rural-numero-de-decembre-mon-article-sur-les-reserves-de-substitution\\\/#primaryimage\"},\"thumbnailUrl\":\"https:\\\/\\\/avocat-grezillier.fr\\\/wp-content\\\/uploads\\\/2023\\\/03\\\/b9cb6d_f991d28982244008be792da3981b751amv2.jpg-884x1024.webp\",\"articleSection\":[\"Uncategorized\"],\"inLanguage\":\"fr-FR\",\"potentialAction\":[{\"@type\":\"CommentAction\",\"name\":\"Comment\",\"target\":[\"https:\\\/\\\/avocat-grezillier.fr\\\/index.php\\\/2023\\\/03\\\/30\\\/revue-de-droit-rural-numero-de-decembre-mon-article-sur-les-reserves-de-substitution\\\/#respond\"]}]},{\"@type\":\"WebPage\",\"@id\":\"https:\\\/\\\/avocat-grezillier.fr\\\/index.php\\\/2023\\\/03\\\/30\\\/revue-de-droit-rural-numero-de-decembre-mon-article-sur-les-reserves-de-substitution\\\/\",\"url\":\"https:\\\/\\\/avocat-grezillier.fr\\\/index.php\\\/2023\\\/03\\\/30\\\/revue-de-droit-rural-numero-de-decembre-mon-article-sur-les-reserves-de-substitution\\\/\",\"name\":\"REVUE DE DROIT RURAL (num\u00e9ro de d\u00e9cembre) : mon article sur les r\u00e9serves de substitution - Alice Gr\u00e9zillier\",\"isPartOf\":{\"@id\":\"https:\\\/\\\/avocat-grezillier.fr\\\/#website\"},\"primaryImageOfPage\":{\"@id\":\"https:\\\/\\\/avocat-grezillier.fr\\\/index.php\\\/2023\\\/03\\\/30\\\/revue-de-droit-rural-numero-de-decembre-mon-article-sur-les-reserves-de-substitution\\\/#primaryimage\"},\"image\":{\"@id\":\"https:\\\/\\\/avocat-grezillier.fr\\\/index.php\\\/2023\\\/03\\\/30\\\/revue-de-droit-rural-numero-de-decembre-mon-article-sur-les-reserves-de-substitution\\\/#primaryimage\"},\"thumbnailUrl\":\"https:\\\/\\\/avocat-grezillier.fr\\\/wp-content\\\/uploads\\\/2023\\\/03\\\/b9cb6d_f991d28982244008be792da3981b751amv2.jpg-884x1024.webp\",\"datePublished\":\"2023-03-30T09:17:45+00:00\",\"breadcrumb\":{\"@id\":\"https:\\\/\\\/avocat-grezillier.fr\\\/index.php\\\/2023\\\/03\\\/30\\\/revue-de-droit-rural-numero-de-decembre-mon-article-sur-les-reserves-de-substitution\\\/#breadcrumb\"},\"inLanguage\":\"fr-FR\",\"potentialAction\":[{\"@type\":\"ReadAction\",\"target\":[\"https:\\\/\\\/avocat-grezillier.fr\\\/index.php\\\/2023\\\/03\\\/30\\\/revue-de-droit-rural-numero-de-decembre-mon-article-sur-les-reserves-de-substitution\\\/\"]}]},{\"@type\":\"ImageObject\",\"inLanguage\":\"fr-FR\",\"@id\":\"https:\\\/\\\/avocat-grezillier.fr\\\/index.php\\\/2023\\\/03\\\/30\\\/revue-de-droit-rural-numero-de-decembre-mon-article-sur-les-reserves-de-substitution\\\/#primaryimage\",\"url\":\"https:\\\/\\\/avocat-grezillier.fr\\\/wp-content\\\/uploads\\\/2023\\\/03\\\/b9cb6d_f991d28982244008be792da3981b751amv2.jpg.webp\",\"contentUrl\":\"https:\\\/\\\/avocat-grezillier.fr\\\/wp-content\\\/uploads\\\/2023\\\/03\\\/b9cb6d_f991d28982244008be792da3981b751amv2.jpg.webp\",\"width\":1326,\"height\":1536},{\"@type\":\"BreadcrumbList\",\"@id\":\"https:\\\/\\\/avocat-grezillier.fr\\\/index.php\\\/2023\\\/03\\\/30\\\/revue-de-droit-rural-numero-de-decembre-mon-article-sur-les-reserves-de-substitution\\\/#breadcrumb\",\"itemListElement\":[{\"@type\":\"ListItem\",\"position\":1,\"name\":\"Accueil\",\"item\":\"https:\\\/\\\/avocat-grezillier.fr\\\/\"},{\"@type\":\"ListItem\",\"position\":2,\"name\":\"REVUE DE DROIT RURAL (num\u00e9ro de d\u00e9cembre) : mon article sur les r\u00e9serves de substitution\"}]},{\"@type\":\"WebSite\",\"@id\":\"https:\\\/\\\/avocat-grezillier.fr\\\/#website\",\"url\":\"https:\\\/\\\/avocat-grezillier.fr\\\/\",\"name\":\"Alice Gr\u00e9zillier\",\"description\":\"Avocat\",\"publisher\":{\"@id\":\"https:\\\/\\\/avocat-grezillier.fr\\\/#organization\"},\"potentialAction\":[{\"@type\":\"SearchAction\",\"target\":{\"@type\":\"EntryPoint\",\"urlTemplate\":\"https:\\\/\\\/avocat-grezillier.fr\\\/?s={search_term_string}\"},\"query-input\":{\"@type\":\"PropertyValueSpecification\",\"valueRequired\":true,\"valueName\":\"search_term_string\"}}],\"inLanguage\":\"fr-FR\"},{\"@type\":\"Organization\",\"@id\":\"https:\\\/\\\/avocat-grezillier.fr\\\/#organization\",\"name\":\"Alice Gr\u00e9zillier\",\"url\":\"https:\\\/\\\/avocat-grezillier.fr\\\/\",\"logo\":{\"@type\":\"ImageObject\",\"inLanguage\":\"fr-FR\",\"@id\":\"https:\\\/\\\/avocat-grezillier.fr\\\/#\\\/schema\\\/logo\\\/image\\\/\",\"url\":\"https:\\\/\\\/avocat-grezillier.fr\\\/wp-content\\\/uploads\\\/2023\\\/02\\\/Logo_1_Alice_Grezillier_-3-removebg-preview.png\",\"contentUrl\":\"https:\\\/\\\/avocat-grezillier.fr\\\/wp-content\\\/uploads\\\/2023\\\/02\\\/Logo_1_Alice_Grezillier_-3-removebg-preview.png\",\"width\":500,\"height\":500,\"caption\":\"Alice Gr\u00e9zillier\"},\"image\":{\"@id\":\"https:\\\/\\\/avocat-grezillier.fr\\\/#\\\/schema\\\/logo\\\/image\\\/\"}},{\"@type\":\"Person\",\"@id\":\"https:\\\/\\\/avocat-grezillier.fr\\\/#\\\/schema\\\/person\\\/e9c9933d6fa727751ee378458f7bff3d\",\"name\":\"Avocat Grezillier\",\"image\":{\"@type\":\"ImageObject\",\"inLanguage\":\"fr-FR\",\"@id\":\"https:\\\/\\\/secure.gravatar.com\\\/avatar\\\/745cbf5b28313292d52c374240b25255a8ad0b0f9dcbcf9eff30f86a7f09a5ae?s=96&d=mm&r=g\",\"url\":\"https:\\\/\\\/secure.gravatar.com\\\/avatar\\\/745cbf5b28313292d52c374240b25255a8ad0b0f9dcbcf9eff30f86a7f09a5ae?s=96&d=mm&r=g\",\"contentUrl\":\"https:\\\/\\\/secure.gravatar.com\\\/avatar\\\/745cbf5b28313292d52c374240b25255a8ad0b0f9dcbcf9eff30f86a7f09a5ae?s=96&d=mm&r=g\",\"caption\":\"Avocat Grezillier\"},\"url\":\"https:\\\/\\\/avocat-grezillier.fr\\\/author\\\/avocat-grezillier\\\/\"}]}<\/script>\n<!-- \/ Yoast SEO plugin. -->","yoast_head_json":{"title":"REVUE DE DROIT RURAL (num\u00e9ro de d\u00e9cembre) : mon article sur les r\u00e9serves de substitution - Alice Gr\u00e9zillier","robots":{"index":"index","follow":"follow","max-snippet":"max-snippet:-1","max-image-preview":"max-image-preview:large","max-video-preview":"max-video-preview:-1"},"canonical":"https:\/\/avocat-grezillier.fr\/index.php\/2023\/03\/30\/revue-de-droit-rural-numero-de-decembre-mon-article-sur-les-reserves-de-substitution\/","og_locale":"fr_FR","og_type":"article","og_title":"REVUE DE DROIT RURAL (num\u00e9ro de d\u00e9cembre) : mon article sur les r\u00e9serves de substitution - Alice Gr\u00e9zillier","og_description":"\ud83d\ude9c \ud83c\udf3e\ud83c\udf3cA retrouver notamment dans le n\u00b0 de d\u00e9cembre 2022 de la Revue de Droit #Rural : \u2705 Alice Gr\u00e9zillierAlice, un focus, \u00e0 propos des bassines de r\u00e9tention d\u2019eau : les \u00ab m\u00e9ga-bassines \u00bb : lessivons les fausses id\u00e9es ! #EAU \u2705 Jean-Fran\u00e7ois JOYE et Adrienne LE ROY, \u00e9tude, La section de commune : un [&hellip;]","og_url":"https:\/\/avocat-grezillier.fr\/index.php\/2023\/03\/30\/revue-de-droit-rural-numero-de-decembre-mon-article-sur-les-reserves-de-substitution\/","og_site_name":"Alice Gr\u00e9zillier","article_published_time":"2023-03-30T09:17:45+00:00","og_image":[{"url":"https:\/\/avocat-grezillier.fr\/wp-content\/uploads\/2023\/03\/b9cb6d_f991d28982244008be792da3981b751amv2.jpg-884x1024.webp","type":"","width":"","height":""}],"author":"Avocat Grezillier","twitter_card":"summary_large_image","twitter_misc":{"\u00c9crit par":"Avocat Grezillier","Dur\u00e9e de lecture estim\u00e9e":"1 minute"},"schema":{"@context":"https:\/\/schema.org","@graph":[{"@type":"Article","@id":"https:\/\/avocat-grezillier.fr\/index.php\/2023\/03\/30\/revue-de-droit-rural-numero-de-decembre-mon-article-sur-les-reserves-de-substitution\/#article","isPartOf":{"@id":"https:\/\/avocat-grezillier.fr\/index.php\/2023\/03\/30\/revue-de-droit-rural-numero-de-decembre-mon-article-sur-les-reserves-de-substitution\/"},"author":{"name":"Avocat Grezillier","@id":"https:\/\/avocat-grezillier.fr\/#\/schema\/person\/e9c9933d6fa727751ee378458f7bff3d"},"headline":"REVUE DE DROIT RURAL (num\u00e9ro de d\u00e9cembre) : mon article sur les r\u00e9serves de substitution","datePublished":"2023-03-30T09:17:45+00:00","mainEntityOfPage":{"@id":"https:\/\/avocat-grezillier.fr\/index.php\/2023\/03\/30\/revue-de-droit-rural-numero-de-decembre-mon-article-sur-les-reserves-de-substitution\/"},"wordCount":277,"commentCount":0,"publisher":{"@id":"https:\/\/avocat-grezillier.fr\/#organization"},"image":{"@id":"https:\/\/avocat-grezillier.fr\/index.php\/2023\/03\/30\/revue-de-droit-rural-numero-de-decembre-mon-article-sur-les-reserves-de-substitution\/#primaryimage"},"thumbnailUrl":"https:\/\/avocat-grezillier.fr\/wp-content\/uploads\/2023\/03\/b9cb6d_f991d28982244008be792da3981b751amv2.jpg-884x1024.webp","articleSection":["Uncategorized"],"inLanguage":"fr-FR","potentialAction":[{"@type":"CommentAction","name":"Comment","target":["https:\/\/avocat-grezillier.fr\/index.php\/2023\/03\/30\/revue-de-droit-rural-numero-de-decembre-mon-article-sur-les-reserves-de-substitution\/#respond"]}]},{"@type":"WebPage","@id":"https:\/\/avocat-grezillier.fr\/index.php\/2023\/03\/30\/revue-de-droit-rural-numero-de-decembre-mon-article-sur-les-reserves-de-substitution\/","url":"https:\/\/avocat-grezillier.fr\/index.php\/2023\/03\/30\/revue-de-droit-rural-numero-de-decembre-mon-article-sur-les-reserves-de-substitution\/","name":"REVUE DE DROIT RURAL (num\u00e9ro de d\u00e9cembre) : mon article sur les r\u00e9serves de substitution - Alice Gr\u00e9zillier","isPartOf":{"@id":"https:\/\/avocat-grezillier.fr\/#website"},"primaryImageOfPage":{"@id":"https:\/\/avocat-grezillier.fr\/index.php\/2023\/03\/30\/revue-de-droit-rural-numero-de-decembre-mon-article-sur-les-reserves-de-substitution\/#primaryimage"},"image":{"@id":"https:\/\/avocat-grezillier.fr\/index.php\/2023\/03\/30\/revue-de-droit-rural-numero-de-decembre-mon-article-sur-les-reserves-de-substitution\/#primaryimage"},"thumbnailUrl":"https:\/\/avocat-grezillier.fr\/wp-content\/uploads\/2023\/03\/b9cb6d_f991d28982244008be792da3981b751amv2.jpg-884x1024.webp","datePublished":"2023-03-30T09:17:45+00:00","breadcrumb":{"@id":"https:\/\/avocat-grezillier.fr\/index.php\/2023\/03\/30\/revue-de-droit-rural-numero-de-decembre-mon-article-sur-les-reserves-de-substitution\/#breadcrumb"},"inLanguage":"fr-FR","potentialAction":[{"@type":"ReadAction","target":["https:\/\/avocat-grezillier.fr\/index.php\/2023\/03\/30\/revue-de-droit-rural-numero-de-decembre-mon-article-sur-les-reserves-de-substitution\/"]}]},{"@type":"ImageObject","inLanguage":"fr-FR","@id":"https:\/\/avocat-grezillier.fr\/index.php\/2023\/03\/30\/revue-de-droit-rural-numero-de-decembre-mon-article-sur-les-reserves-de-substitution\/#primaryimage","url":"https:\/\/avocat-grezillier.fr\/wp-content\/uploads\/2023\/03\/b9cb6d_f991d28982244008be792da3981b751amv2.jpg.webp","contentUrl":"https:\/\/avocat-grezillier.fr\/wp-content\/uploads\/2023\/03\/b9cb6d_f991d28982244008be792da3981b751amv2.jpg.webp","width":1326,"height":1536},{"@type":"BreadcrumbList","@id":"https:\/\/avocat-grezillier.fr\/index.php\/2023\/03\/30\/revue-de-droit-rural-numero-de-decembre-mon-article-sur-les-reserves-de-substitution\/#breadcrumb","itemListElement":[{"@type":"ListItem","position":1,"name":"Accueil","item":"https:\/\/avocat-grezillier.fr\/"},{"@type":"ListItem","position":2,"name":"REVUE DE DROIT RURAL (num\u00e9ro de d\u00e9cembre) : mon article sur les r\u00e9serves de substitution"}]},{"@type":"WebSite","@id":"https:\/\/avocat-grezillier.fr\/#website","url":"https:\/\/avocat-grezillier.fr\/","name":"Alice Gr\u00e9zillier","description":"Avocat","publisher":{"@id":"https:\/\/avocat-grezillier.fr\/#organization"},"potentialAction":[{"@type":"SearchAction","target":{"@type":"EntryPoint","urlTemplate":"https:\/\/avocat-grezillier.fr\/?s={search_term_string}"},"query-input":{"@type":"PropertyValueSpecification","valueRequired":true,"valueName":"search_term_string"}}],"inLanguage":"fr-FR"},{"@type":"Organization","@id":"https:\/\/avocat-grezillier.fr\/#organization","name":"Alice Gr\u00e9zillier","url":"https:\/\/avocat-grezillier.fr\/","logo":{"@type":"ImageObject","inLanguage":"fr-FR","@id":"https:\/\/avocat-grezillier.fr\/#\/schema\/logo\/image\/","url":"https:\/\/avocat-grezillier.fr\/wp-content\/uploads\/2023\/02\/Logo_1_Alice_Grezillier_-3-removebg-preview.png","contentUrl":"https:\/\/avocat-grezillier.fr\/wp-content\/uploads\/2023\/02\/Logo_1_Alice_Grezillier_-3-removebg-preview.png","width":500,"height":500,"caption":"Alice Gr\u00e9zillier"},"image":{"@id":"https:\/\/avocat-grezillier.fr\/#\/schema\/logo\/image\/"}},{"@type":"Person","@id":"https:\/\/avocat-grezillier.fr\/#\/schema\/person\/e9c9933d6fa727751ee378458f7bff3d","name":"Avocat Grezillier","image":{"@type":"ImageObject","inLanguage":"fr-FR","@id":"https:\/\/secure.gravatar.com\/avatar\/745cbf5b28313292d52c374240b25255a8ad0b0f9dcbcf9eff30f86a7f09a5ae?s=96&d=mm&r=g","url":"https:\/\/secure.gravatar.com\/avatar\/745cbf5b28313292d52c374240b25255a8ad0b0f9dcbcf9eff30f86a7f09a5ae?s=96&d=mm&r=g","contentUrl":"https:\/\/secure.gravatar.com\/avatar\/745cbf5b28313292d52c374240b25255a8ad0b0f9dcbcf9eff30f86a7f09a5ae?s=96&d=mm&r=g","caption":"Avocat Grezillier"},"url":"https:\/\/avocat-grezillier.fr\/author\/avocat-grezillier\/"}]}},"jetpack_featured_media_url":"","jetpack_sharing_enabled":true,"_links":{"self":[{"href":"https:\/\/avocat-grezillier.fr\/index.php\/wp-json\/wp\/v2\/posts\/572","targetHints":{"allow":["GET"]}}],"collection":[{"href":"https:\/\/avocat-grezillier.fr\/index.php\/wp-json\/wp\/v2\/posts"}],"about":[{"href":"https:\/\/avocat-grezillier.fr\/index.php\/wp-json\/wp\/v2\/types\/post"}],"author":[{"embeddable":true,"href":"https:\/\/avocat-grezillier.fr\/index.php\/wp-json\/wp\/v2\/users\/2"}],"replies":[{"embeddable":true,"href":"https:\/\/avocat-grezillier.fr\/index.php\/wp-json\/wp\/v2\/comments?post=572"}],"version-history":[{"count":1,"href":"https:\/\/avocat-grezillier.fr\/index.php\/wp-json\/wp\/v2\/posts\/572\/revisions"}],"predecessor-version":[{"id":574,"href":"https:\/\/avocat-grezillier.fr\/index.php\/wp-json\/wp\/v2\/posts\/572\/revisions\/574"}],"wp:attachment":[{"href":"https:\/\/avocat-grezillier.fr\/index.php\/wp-json\/wp\/v2\/media?parent=572"}],"wp:term":[{"taxonomy":"category","embeddable":true,"href":"https:\/\/avocat-grezillier.fr\/index.php\/wp-json\/wp\/v2\/categories?post=572"},{"taxonomy":"post_tag","embeddable":true,"href":"https:\/\/avocat-grezillier.fr\/index.php\/wp-json\/wp\/v2\/tags?post=572"}],"curies":[{"name":"wp","href":"https:\/\/api.w.org\/{rel}","templated":true}]}}