{"id":569,"date":"2023-03-30T09:16:12","date_gmt":"2023-03-30T09:16:12","guid":{"rendered":"https:\/\/avocat-grezillier.fr\/?p=569"},"modified":"2023-03-30T09:16:12","modified_gmt":"2023-03-30T09:16:12","slug":"decret-dapplication-de-la-loi-sempastous-publie","status":"publish","type":"post","link":"https:\/\/avocat-grezillier.fr\/index.php\/2023\/03\/30\/decret-dapplication-de-la-loi-sempastous-publie\/","title":{"rendered":"D\u00e9cret d&rsquo;application de la loi Sempastous publi\u00e9"},"content":{"rendered":"\n<p id=\"viewer-foo\">Il \u00e9tait attendu, le voici : le d\u00e9cret d&rsquo;application de la loi dite Sempastous a \u00e9t\u00e9 publi\u00e9 au JO du 4 d\u00e9cembre.<\/p>\n\n\n\n<p id=\"viewer-6d279\">Le d\u00e9cret n\u00b0 2022-1515 du 2 d\u00e9cembre 2022 relatif \u00e0 la proc\u00e9dure de d\u00e9livrance de l&rsquo;autorisation pr\u00e9alable \u00e0 la prise de contr\u00f4le des soci\u00e9t\u00e9s poss\u00e9dant ou exploitant du foncier agricole introduit aux articles R. 333-1 et suivants du code rural et de la p\u00eache maritime un nouveau chapitre intitul\u00e9 \u00ab\u00a0Contr\u00f4le des soci\u00e9t\u00e9s poss\u00e9dant ou exploitant du foncier agricole\u00a0\u00bb (sur l\u00e9gifrance, les article R. 333-1 et suivants n&rsquo;ont pas encore \u00e9t\u00e9 modifi\u00e9s).<\/p>\n\n\n\n<p id=\"viewer-24k1d\">Reste que le nouveau dispositif d&rsquo;autorisation administrative ne sera applicable qu&rsquo;une fois que les arr\u00eat\u00e9s d&rsquo;application (de chaque pr\u00e9fet de r\u00e9gion) auront \u00e9t\u00e9 adopt\u00e9s.<\/p>\n\n\n\n<p><\/p>\n\n\n\n<figure class=\"wp-block-image size-full\"><img fetchpriority=\"high\" decoding=\"async\" width=\"560\" height=\"798\" src=\"https:\/\/avocat-grezillier.fr\/wp-content\/uploads\/2023\/03\/b9cb6d_cbfe9715deea4a7dbb4c45b2c3485321mv2.png-1.webp\" alt=\"\" class=\"wp-image-570\" srcset=\"https:\/\/avocat-grezillier.fr\/wp-content\/uploads\/2023\/03\/b9cb6d_cbfe9715deea4a7dbb4c45b2c3485321mv2.png-1.webp 560w, https:\/\/avocat-grezillier.fr\/wp-content\/uploads\/2023\/03\/b9cb6d_cbfe9715deea4a7dbb4c45b2c3485321mv2.png-1-211x300.webp 211w\" sizes=\"(max-width: 560px) 100vw, 560px\" \/><\/figure>\n","protected":false},"excerpt":{"rendered":"<p>Il \u00e9tait attendu, le voici : le d\u00e9cret d&rsquo;application de la loi dite Sempastous a \u00e9t\u00e9 publi\u00e9 au JO du 4 d\u00e9cembre. Le d\u00e9cret n\u00b0 2022-1515 du 2 d\u00e9cembre 2022 relatif \u00e0 la proc\u00e9dure de d\u00e9livrance de l&rsquo;autorisation pr\u00e9alable \u00e0 la prise de contr\u00f4le des soci\u00e9t\u00e9s poss\u00e9dant ou exploitant du foncier agricole introduit aux articles [&hellip;]<\/p>\n","protected":false},"author":2,"featured_media":0,"comment_status":"open","ping_status":"open","sticky":false,"template":"","format":"standard","meta":{"_jetpack_memberships_contains_paid_content":false,"footnotes":""},"categories":[1],"tags":[],"class_list":["post-569","post","type-post","status-publish","format-standard","hentry","category-uncategorized"],"yoast_head":"<!-- This site is optimized with the Yoast SEO plugin v27.4 - https:\/\/yoast.com\/product\/yoast-seo-wordpress\/ -->\n<title>D\u00e9cret d&#039;application de la loi Sempastous publi\u00e9 - Alice Gr\u00e9zillier<\/title>\n<meta name=\"robots\" content=\"index, follow, max-snippet:-1, max-image-preview:large, max-video-preview:-1\" \/>\n<link rel=\"canonical\" href=\"https:\/\/avocat-grezillier.fr\/index.php\/2023\/03\/30\/decret-dapplication-de-la-loi-sempastous-publie\/\" \/>\n<meta property=\"og:locale\" content=\"fr_FR\" \/>\n<meta property=\"og:type\" content=\"article\" \/>\n<meta property=\"og:title\" content=\"D\u00e9cret d&#039;application de la loi Sempastous publi\u00e9 - Alice Gr\u00e9zillier\" \/>\n<meta property=\"og:description\" content=\"Il \u00e9tait attendu, le voici : le d\u00e9cret d&rsquo;application de la loi dite Sempastous a \u00e9t\u00e9 publi\u00e9 au JO du 4 d\u00e9cembre. Le d\u00e9cret n\u00b0 2022-1515 du 2 d\u00e9cembre 2022 relatif \u00e0 la proc\u00e9dure de d\u00e9livrance de l&rsquo;autorisation pr\u00e9alable \u00e0 la prise de contr\u00f4le des soci\u00e9t\u00e9s poss\u00e9dant ou exploitant du foncier agricole introduit aux articles [&hellip;]\" \/>\n<meta property=\"og:url\" content=\"https:\/\/avocat-grezillier.fr\/index.php\/2023\/03\/30\/decret-dapplication-de-la-loi-sempastous-publie\/\" \/>\n<meta property=\"og:site_name\" content=\"Alice Gr\u00e9zillier\" \/>\n<meta property=\"article:published_time\" content=\"2023-03-30T09:16:12+00:00\" \/>\n<meta property=\"og:image\" content=\"https:\/\/avocat-grezillier.fr\/wp-content\/uploads\/2023\/03\/b9cb6d_cbfe9715deea4a7dbb4c45b2c3485321mv2.png-1.webp\" \/>\n<meta name=\"author\" content=\"Avocat Grezillier\" \/>\n<meta name=\"twitter:card\" content=\"summary_large_image\" \/>\n<meta name=\"twitter:label1\" content=\"\u00c9crit par\" \/>\n\t<meta name=\"twitter:data1\" content=\"Avocat Grezillier\" \/>\n\t<meta name=\"twitter:label2\" content=\"Dur\u00e9e de lecture estim\u00e9e\" \/>\n\t<meta name=\"twitter:data2\" content=\"1 minute\" \/>\n<script type=\"application\/ld+json\" class=\"yoast-schema-graph\">{\"@context\":\"https:\\\/\\\/schema.org\",\"@graph\":[{\"@type\":\"Article\",\"@id\":\"https:\\\/\\\/avocat-grezillier.fr\\\/index.php\\\/2023\\\/03\\\/30\\\/decret-dapplication-de-la-loi-sempastous-publie\\\/#article\",\"isPartOf\":{\"@id\":\"https:\\\/\\\/avocat-grezillier.fr\\\/index.php\\\/2023\\\/03\\\/30\\\/decret-dapplication-de-la-loi-sempastous-publie\\\/\"},\"author\":{\"name\":\"Avocat Grezillier\",\"@id\":\"https:\\\/\\\/avocat-grezillier.fr\\\/#\\\/schema\\\/person\\\/e9c9933d6fa727751ee378458f7bff3d\"},\"headline\":\"D\u00e9cret d&rsquo;application de la loi Sempastous publi\u00e9\",\"datePublished\":\"2023-03-30T09:16:12+00:00\",\"mainEntityOfPage\":{\"@id\":\"https:\\\/\\\/avocat-grezillier.fr\\\/index.php\\\/2023\\\/03\\\/30\\\/decret-dapplication-de-la-loi-sempastous-publie\\\/\"},\"wordCount\":142,\"commentCount\":0,\"publisher\":{\"@id\":\"https:\\\/\\\/avocat-grezillier.fr\\\/#organization\"},\"image\":{\"@id\":\"https:\\\/\\\/avocat-grezillier.fr\\\/index.php\\\/2023\\\/03\\\/30\\\/decret-dapplication-de-la-loi-sempastous-publie\\\/#primaryimage\"},\"thumbnailUrl\":\"https:\\\/\\\/avocat-grezillier.fr\\\/wp-content\\\/uploads\\\/2023\\\/03\\\/b9cb6d_cbfe9715deea4a7dbb4c45b2c3485321mv2.png-1.webp\",\"articleSection\":[\"Uncategorized\"],\"inLanguage\":\"fr-FR\",\"potentialAction\":[{\"@type\":\"CommentAction\",\"name\":\"Comment\",\"target\":[\"https:\\\/\\\/avocat-grezillier.fr\\\/index.php\\\/2023\\\/03\\\/30\\\/decret-dapplication-de-la-loi-sempastous-publie\\\/#respond\"]}]},{\"@type\":\"WebPage\",\"@id\":\"https:\\\/\\\/avocat-grezillier.fr\\\/index.php\\\/2023\\\/03\\\/30\\\/decret-dapplication-de-la-loi-sempastous-publie\\\/\",\"url\":\"https:\\\/\\\/avocat-grezillier.fr\\\/index.php\\\/2023\\\/03\\\/30\\\/decret-dapplication-de-la-loi-sempastous-publie\\\/\",\"name\":\"D\u00e9cret d'application de la loi Sempastous publi\u00e9 - Alice Gr\u00e9zillier\",\"isPartOf\":{\"@id\":\"https:\\\/\\\/avocat-grezillier.fr\\\/#website\"},\"primaryImageOfPage\":{\"@id\":\"https:\\\/\\\/avocat-grezillier.fr\\\/index.php\\\/2023\\\/03\\\/30\\\/decret-dapplication-de-la-loi-sempastous-publie\\\/#primaryimage\"},\"image\":{\"@id\":\"https:\\\/\\\/avocat-grezillier.fr\\\/index.php\\\/2023\\\/03\\\/30\\\/decret-dapplication-de-la-loi-sempastous-publie\\\/#primaryimage\"},\"thumbnailUrl\":\"https:\\\/\\\/avocat-grezillier.fr\\\/wp-content\\\/uploads\\\/2023\\\/03\\\/b9cb6d_cbfe9715deea4a7dbb4c45b2c3485321mv2.png-1.webp\",\"datePublished\":\"2023-03-30T09:16:12+00:00\",\"breadcrumb\":{\"@id\":\"https:\\\/\\\/avocat-grezillier.fr\\\/index.php\\\/2023\\\/03\\\/30\\\/decret-dapplication-de-la-loi-sempastous-publie\\\/#breadcrumb\"},\"inLanguage\":\"fr-FR\",\"potentialAction\":[{\"@type\":\"ReadAction\",\"target\":[\"https:\\\/\\\/avocat-grezillier.fr\\\/index.php\\\/2023\\\/03\\\/30\\\/decret-dapplication-de-la-loi-sempastous-publie\\\/\"]}]},{\"@type\":\"ImageObject\",\"inLanguage\":\"fr-FR\",\"@id\":\"https:\\\/\\\/avocat-grezillier.fr\\\/index.php\\\/2023\\\/03\\\/30\\\/decret-dapplication-de-la-loi-sempastous-publie\\\/#primaryimage\",\"url\":\"https:\\\/\\\/avocat-grezillier.fr\\\/wp-content\\\/uploads\\\/2023\\\/03\\\/b9cb6d_cbfe9715deea4a7dbb4c45b2c3485321mv2.png-1.webp\",\"contentUrl\":\"https:\\\/\\\/avocat-grezillier.fr\\\/wp-content\\\/uploads\\\/2023\\\/03\\\/b9cb6d_cbfe9715deea4a7dbb4c45b2c3485321mv2.png-1.webp\",\"width\":560,\"height\":798},{\"@type\":\"BreadcrumbList\",\"@id\":\"https:\\\/\\\/avocat-grezillier.fr\\\/index.php\\\/2023\\\/03\\\/30\\\/decret-dapplication-de-la-loi-sempastous-publie\\\/#breadcrumb\",\"itemListElement\":[{\"@type\":\"ListItem\",\"position\":1,\"name\":\"Accueil\",\"item\":\"https:\\\/\\\/avocat-grezillier.fr\\\/\"},{\"@type\":\"ListItem\",\"position\":2,\"name\":\"D\u00e9cret d&rsquo;application de la loi Sempastous publi\u00e9\"}]},{\"@type\":\"WebSite\",\"@id\":\"https:\\\/\\\/avocat-grezillier.fr\\\/#website\",\"url\":\"https:\\\/\\\/avocat-grezillier.fr\\\/\",\"name\":\"Alice Gr\u00e9zillier\",\"description\":\"Avocat\",\"publisher\":{\"@id\":\"https:\\\/\\\/avocat-grezillier.fr\\\/#organization\"},\"potentialAction\":[{\"@type\":\"SearchAction\",\"target\":{\"@type\":\"EntryPoint\",\"urlTemplate\":\"https:\\\/\\\/avocat-grezillier.fr\\\/?s={search_term_string}\"},\"query-input\":{\"@type\":\"PropertyValueSpecification\",\"valueRequired\":true,\"valueName\":\"search_term_string\"}}],\"inLanguage\":\"fr-FR\"},{\"@type\":\"Organization\",\"@id\":\"https:\\\/\\\/avocat-grezillier.fr\\\/#organization\",\"name\":\"Alice Gr\u00e9zillier\",\"url\":\"https:\\\/\\\/avocat-grezillier.fr\\\/\",\"logo\":{\"@type\":\"ImageObject\",\"inLanguage\":\"fr-FR\",\"@id\":\"https:\\\/\\\/avocat-grezillier.fr\\\/#\\\/schema\\\/logo\\\/image\\\/\",\"url\":\"https:\\\/\\\/avocat-grezillier.fr\\\/wp-content\\\/uploads\\\/2023\\\/02\\\/Logo_1_Alice_Grezillier_-3-removebg-preview.png\",\"contentUrl\":\"https:\\\/\\\/avocat-grezillier.fr\\\/wp-content\\\/uploads\\\/2023\\\/02\\\/Logo_1_Alice_Grezillier_-3-removebg-preview.png\",\"width\":500,\"height\":500,\"caption\":\"Alice Gr\u00e9zillier\"},\"image\":{\"@id\":\"https:\\\/\\\/avocat-grezillier.fr\\\/#\\\/schema\\\/logo\\\/image\\\/\"}},{\"@type\":\"Person\",\"@id\":\"https:\\\/\\\/avocat-grezillier.fr\\\/#\\\/schema\\\/person\\\/e9c9933d6fa727751ee378458f7bff3d\",\"name\":\"Avocat Grezillier\",\"image\":{\"@type\":\"ImageObject\",\"inLanguage\":\"fr-FR\",\"@id\":\"https:\\\/\\\/secure.gravatar.com\\\/avatar\\\/745cbf5b28313292d52c374240b25255a8ad0b0f9dcbcf9eff30f86a7f09a5ae?s=96&d=mm&r=g\",\"url\":\"https:\\\/\\\/secure.gravatar.com\\\/avatar\\\/745cbf5b28313292d52c374240b25255a8ad0b0f9dcbcf9eff30f86a7f09a5ae?s=96&d=mm&r=g\",\"contentUrl\":\"https:\\\/\\\/secure.gravatar.com\\\/avatar\\\/745cbf5b28313292d52c374240b25255a8ad0b0f9dcbcf9eff30f86a7f09a5ae?s=96&d=mm&r=g\",\"caption\":\"Avocat Grezillier\"},\"url\":\"https:\\\/\\\/avocat-grezillier.fr\\\/author\\\/avocat-grezillier\\\/\"}]}<\/script>\n<!-- \/ Yoast SEO plugin. -->","yoast_head_json":{"title":"D\u00e9cret d'application de la loi Sempastous publi\u00e9 - Alice Gr\u00e9zillier","robots":{"index":"index","follow":"follow","max-snippet":"max-snippet:-1","max-image-preview":"max-image-preview:large","max-video-preview":"max-video-preview:-1"},"canonical":"https:\/\/avocat-grezillier.fr\/index.php\/2023\/03\/30\/decret-dapplication-de-la-loi-sempastous-publie\/","og_locale":"fr_FR","og_type":"article","og_title":"D\u00e9cret d'application de la loi Sempastous publi\u00e9 - Alice Gr\u00e9zillier","og_description":"Il \u00e9tait attendu, le voici : le d\u00e9cret d&rsquo;application de la loi dite Sempastous a \u00e9t\u00e9 publi\u00e9 au JO du 4 d\u00e9cembre. Le d\u00e9cret n\u00b0 2022-1515 du 2 d\u00e9cembre 2022 relatif \u00e0 la proc\u00e9dure de d\u00e9livrance de l&rsquo;autorisation pr\u00e9alable \u00e0 la prise de contr\u00f4le des soci\u00e9t\u00e9s poss\u00e9dant ou exploitant du foncier agricole introduit aux articles [&hellip;]","og_url":"https:\/\/avocat-grezillier.fr\/index.php\/2023\/03\/30\/decret-dapplication-de-la-loi-sempastous-publie\/","og_site_name":"Alice Gr\u00e9zillier","article_published_time":"2023-03-30T09:16:12+00:00","og_image":[{"url":"https:\/\/avocat-grezillier.fr\/wp-content\/uploads\/2023\/03\/b9cb6d_cbfe9715deea4a7dbb4c45b2c3485321mv2.png-1.webp","type":"","width":"","height":""}],"author":"Avocat Grezillier","twitter_card":"summary_large_image","twitter_misc":{"\u00c9crit par":"Avocat Grezillier","Dur\u00e9e de lecture estim\u00e9e":"1 minute"},"schema":{"@context":"https:\/\/schema.org","@graph":[{"@type":"Article","@id":"https:\/\/avocat-grezillier.fr\/index.php\/2023\/03\/30\/decret-dapplication-de-la-loi-sempastous-publie\/#article","isPartOf":{"@id":"https:\/\/avocat-grezillier.fr\/index.php\/2023\/03\/30\/decret-dapplication-de-la-loi-sempastous-publie\/"},"author":{"name":"Avocat Grezillier","@id":"https:\/\/avocat-grezillier.fr\/#\/schema\/person\/e9c9933d6fa727751ee378458f7bff3d"},"headline":"D\u00e9cret d&rsquo;application de la loi Sempastous publi\u00e9","datePublished":"2023-03-30T09:16:12+00:00","mainEntityOfPage":{"@id":"https:\/\/avocat-grezillier.fr\/index.php\/2023\/03\/30\/decret-dapplication-de-la-loi-sempastous-publie\/"},"wordCount":142,"commentCount":0,"publisher":{"@id":"https:\/\/avocat-grezillier.fr\/#organization"},"image":{"@id":"https:\/\/avocat-grezillier.fr\/index.php\/2023\/03\/30\/decret-dapplication-de-la-loi-sempastous-publie\/#primaryimage"},"thumbnailUrl":"https:\/\/avocat-grezillier.fr\/wp-content\/uploads\/2023\/03\/b9cb6d_cbfe9715deea4a7dbb4c45b2c3485321mv2.png-1.webp","articleSection":["Uncategorized"],"inLanguage":"fr-FR","potentialAction":[{"@type":"CommentAction","name":"Comment","target":["https:\/\/avocat-grezillier.fr\/index.php\/2023\/03\/30\/decret-dapplication-de-la-loi-sempastous-publie\/#respond"]}]},{"@type":"WebPage","@id":"https:\/\/avocat-grezillier.fr\/index.php\/2023\/03\/30\/decret-dapplication-de-la-loi-sempastous-publie\/","url":"https:\/\/avocat-grezillier.fr\/index.php\/2023\/03\/30\/decret-dapplication-de-la-loi-sempastous-publie\/","name":"D\u00e9cret d'application de la loi Sempastous publi\u00e9 - Alice Gr\u00e9zillier","isPartOf":{"@id":"https:\/\/avocat-grezillier.fr\/#website"},"primaryImageOfPage":{"@id":"https:\/\/avocat-grezillier.fr\/index.php\/2023\/03\/30\/decret-dapplication-de-la-loi-sempastous-publie\/#primaryimage"},"image":{"@id":"https:\/\/avocat-grezillier.fr\/index.php\/2023\/03\/30\/decret-dapplication-de-la-loi-sempastous-publie\/#primaryimage"},"thumbnailUrl":"https:\/\/avocat-grezillier.fr\/wp-content\/uploads\/2023\/03\/b9cb6d_cbfe9715deea4a7dbb4c45b2c3485321mv2.png-1.webp","datePublished":"2023-03-30T09:16:12+00:00","breadcrumb":{"@id":"https:\/\/avocat-grezillier.fr\/index.php\/2023\/03\/30\/decret-dapplication-de-la-loi-sempastous-publie\/#breadcrumb"},"inLanguage":"fr-FR","potentialAction":[{"@type":"ReadAction","target":["https:\/\/avocat-grezillier.fr\/index.php\/2023\/03\/30\/decret-dapplication-de-la-loi-sempastous-publie\/"]}]},{"@type":"ImageObject","inLanguage":"fr-FR","@id":"https:\/\/avocat-grezillier.fr\/index.php\/2023\/03\/30\/decret-dapplication-de-la-loi-sempastous-publie\/#primaryimage","url":"https:\/\/avocat-grezillier.fr\/wp-content\/uploads\/2023\/03\/b9cb6d_cbfe9715deea4a7dbb4c45b2c3485321mv2.png-1.webp","contentUrl":"https:\/\/avocat-grezillier.fr\/wp-content\/uploads\/2023\/03\/b9cb6d_cbfe9715deea4a7dbb4c45b2c3485321mv2.png-1.webp","width":560,"height":798},{"@type":"BreadcrumbList","@id":"https:\/\/avocat-grezillier.fr\/index.php\/2023\/03\/30\/decret-dapplication-de-la-loi-sempastous-publie\/#breadcrumb","itemListElement":[{"@type":"ListItem","position":1,"name":"Accueil","item":"https:\/\/avocat-grezillier.fr\/"},{"@type":"ListItem","position":2,"name":"D\u00e9cret d&rsquo;application de la loi Sempastous publi\u00e9"}]},{"@type":"WebSite","@id":"https:\/\/avocat-grezillier.fr\/#website","url":"https:\/\/avocat-grezillier.fr\/","name":"Alice Gr\u00e9zillier","description":"Avocat","publisher":{"@id":"https:\/\/avocat-grezillier.fr\/#organization"},"potentialAction":[{"@type":"SearchAction","target":{"@type":"EntryPoint","urlTemplate":"https:\/\/avocat-grezillier.fr\/?s={search_term_string}"},"query-input":{"@type":"PropertyValueSpecification","valueRequired":true,"valueName":"search_term_string"}}],"inLanguage":"fr-FR"},{"@type":"Organization","@id":"https:\/\/avocat-grezillier.fr\/#organization","name":"Alice Gr\u00e9zillier","url":"https:\/\/avocat-grezillier.fr\/","logo":{"@type":"ImageObject","inLanguage":"fr-FR","@id":"https:\/\/avocat-grezillier.fr\/#\/schema\/logo\/image\/","url":"https:\/\/avocat-grezillier.fr\/wp-content\/uploads\/2023\/02\/Logo_1_Alice_Grezillier_-3-removebg-preview.png","contentUrl":"https:\/\/avocat-grezillier.fr\/wp-content\/uploads\/2023\/02\/Logo_1_Alice_Grezillier_-3-removebg-preview.png","width":500,"height":500,"caption":"Alice Gr\u00e9zillier"},"image":{"@id":"https:\/\/avocat-grezillier.fr\/#\/schema\/logo\/image\/"}},{"@type":"Person","@id":"https:\/\/avocat-grezillier.fr\/#\/schema\/person\/e9c9933d6fa727751ee378458f7bff3d","name":"Avocat Grezillier","image":{"@type":"ImageObject","inLanguage":"fr-FR","@id":"https:\/\/secure.gravatar.com\/avatar\/745cbf5b28313292d52c374240b25255a8ad0b0f9dcbcf9eff30f86a7f09a5ae?s=96&d=mm&r=g","url":"https:\/\/secure.gravatar.com\/avatar\/745cbf5b28313292d52c374240b25255a8ad0b0f9dcbcf9eff30f86a7f09a5ae?s=96&d=mm&r=g","contentUrl":"https:\/\/secure.gravatar.com\/avatar\/745cbf5b28313292d52c374240b25255a8ad0b0f9dcbcf9eff30f86a7f09a5ae?s=96&d=mm&r=g","caption":"Avocat Grezillier"},"url":"https:\/\/avocat-grezillier.fr\/author\/avocat-grezillier\/"}]}},"jetpack_featured_media_url":"","jetpack_sharing_enabled":true,"_links":{"self":[{"href":"https:\/\/avocat-grezillier.fr\/index.php\/wp-json\/wp\/v2\/posts\/569","targetHints":{"allow":["GET"]}}],"collection":[{"href":"https:\/\/avocat-grezillier.fr\/index.php\/wp-json\/wp\/v2\/posts"}],"about":[{"href":"https:\/\/avocat-grezillier.fr\/index.php\/wp-json\/wp\/v2\/types\/post"}],"author":[{"embeddable":true,"href":"https:\/\/avocat-grezillier.fr\/index.php\/wp-json\/wp\/v2\/users\/2"}],"replies":[{"embeddable":true,"href":"https:\/\/avocat-grezillier.fr\/index.php\/wp-json\/wp\/v2\/comments?post=569"}],"version-history":[{"count":1,"href":"https:\/\/avocat-grezillier.fr\/index.php\/wp-json\/wp\/v2\/posts\/569\/revisions"}],"predecessor-version":[{"id":571,"href":"https:\/\/avocat-grezillier.fr\/index.php\/wp-json\/wp\/v2\/posts\/569\/revisions\/571"}],"wp:attachment":[{"href":"https:\/\/avocat-grezillier.fr\/index.php\/wp-json\/wp\/v2\/media?parent=569"}],"wp:term":[{"taxonomy":"category","embeddable":true,"href":"https:\/\/avocat-grezillier.fr\/index.php\/wp-json\/wp\/v2\/categories?post=569"},{"taxonomy":"post_tag","embeddable":true,"href":"https:\/\/avocat-grezillier.fr\/index.php\/wp-json\/wp\/v2\/tags?post=569"}],"curies":[{"name":"wp","href":"https:\/\/api.w.org\/{rel}","templated":true}]}}