{"id":547,"date":"2023-03-30T09:08:46","date_gmt":"2023-03-30T09:08:46","guid":{"rendered":"https:\/\/avocat-grezillier.fr\/?p=547"},"modified":"2023-03-30T09:08:46","modified_gmt":"2023-03-30T09:08:46","slug":"annulation-de-larticle-750-1-du-cpc-par-le-conseil-detat","status":"publish","type":"post","link":"https:\/\/avocat-grezillier.fr\/index.php\/2023\/03\/30\/annulation-de-larticle-750-1-du-cpc-par-le-conseil-detat\/","title":{"rendered":"Annulation de l&rsquo;article 750-1 du CPC par le Conseil d&rsquo;Etat"},"content":{"rendered":"\n<p id=\"viewer-foo\">Saisi de la l\u00e9galit\u00e9 du d\u00e9cret n\u00b0 2019-1333 du 11 d\u00e9cembre 2019 r\u00e9formant la proc\u00e9dure civile, Par un arr\u00eat du 22 septembre 2022 (nos 436939 et 437002), le Conseil d&rsquo;Etat a annul\u00e9 l&rsquo;article 750-1 du code de proc\u00e9dure civile.<\/p>\n\n\n\n<p id=\"viewer-9upc8\">Pour m\u00e9moire, cette disposition dispose que : \u00ab\u00a0A peine d&rsquo;irrecevabilit\u00e9 que le juge peut prononcer d&rsquo;office, la demande en justice doit \u00eatre pr\u00e9c\u00e9d\u00e9e, au choix des parties, d&rsquo;une tentative de conciliation men\u00e9e par un conciliateur de justice, d&rsquo;une tentative de m\u00e9diation ou d&rsquo;une tentative de proc\u00e9dure participative, lorsqu&rsquo;elle tend au paiement d&rsquo;une somme n&rsquo;exc\u00e9dant pas 5 000 euros ou lorsqu&rsquo;elle est relative \u00e0 l&rsquo;une des actions mentionn\u00e9es aux articles R. 211-3-4 et R. 211-3-8 du code de l&rsquo;organisation judiciaire ou \u00e0 un trouble anormal de voisinage.\u00a0\u00bb.<\/p>\n\n\n\n<p id=\"viewer-atlvu\">En substance, par son arr\u00eat, le Conseil d&rsquo;Etat a consid\u00e9r\u00e9 que le dispositif de tentative de r\u00e8glement amiable du litige, pr\u00e9alable au contentieux, n&rsquo;\u00e9tait pas suffisamment pr\u00e9cis.<\/p>\n\n\n\n<p id=\"viewer-8kiic\">Toutefois, cette annulation n\u2019est pas r\u00e9troactive. Le Conseil d\u2019\u00c9tat fait en effet application ici de sa fameuse jurisprudence AC ! (CE, ass., 11 mai 2004, Association AC !, n\u00b0 255886) : \u00ab&nbsp;<em>Eu \u00e9gard aux cons\u00e9quences manifestement excessives sur le fonctionnement du service public de la justice qui r\u00e9sulteraient de l\u2019annulation r\u00e9troactive [\u2026] de l\u2019article 750-1 du code de proc\u00e9dure civile dans sa r\u00e9daction issue de l\u2019article 4 du d\u00e9cret attaqu\u00e9 dans la mesure pr\u00e9cis\u00e9e au point 43 [\u2026], il y a lieu, sous r\u00e9serve des actions contentieuses engag\u00e9es \u00e0 la date de la pr\u00e9sente d\u00e9cision, de d\u00e9roger au principe de l\u2019effet r\u00e9troactif des annulations contentieuses. Par suite, il y a lieu de regarder comme d\u00e9finitifs les effets produits par l\u2019article 750-1 avant son annulation [\u2026]<\/em>&nbsp;\u00bb (consid. 69).&nbsp;<\/p>\n\n\n\n<p id=\"viewer-7bg8n\">Ainsi&nbsp;les actions contentieuses engag\u00e9es avant le 22 septembre 2022 doivent-elles avoir \u00e9t\u00e9 pr\u00e9c\u00e9d\u00e9es d&rsquo;une tentative de r\u00e8glement amiable du litige, \u00e0 peine d&rsquo;irrecevabilit\u00e9 que le juge peut prononcer d&rsquo;office. Il en va notamment ainsi des demandes en justice tendant au r\u00e8glement d&rsquo;une somme n&rsquo;exc\u00e9dant pas 5 000 euros.<\/p>\n\n\n\n<p id=\"viewer-6qj90\">Inversement, depuis le 22 septembre 2022, la tentative de r\u00e8glement amiable du litige pr\u00e9alable \u00e0 toute action contentieuse n&rsquo;est pas exig\u00e9e.<\/p>\n\n\n\n<p><\/p>\n\n\n\n<figure class=\"wp-block-image size-full\"><img fetchpriority=\"high\" decoding=\"async\" width=\"518\" height=\"786\" src=\"https:\/\/avocat-grezillier.fr\/wp-content\/uploads\/2023\/03\/b9cb6d_1746ab8af58e40aeaa7cc763c453a15fmv2.png.webp\" alt=\"\" class=\"wp-image-548\" srcset=\"https:\/\/avocat-grezillier.fr\/wp-content\/uploads\/2023\/03\/b9cb6d_1746ab8af58e40aeaa7cc763c453a15fmv2.png.webp 518w, https:\/\/avocat-grezillier.fr\/wp-content\/uploads\/2023\/03\/b9cb6d_1746ab8af58e40aeaa7cc763c453a15fmv2.png-198x300.webp 198w\" sizes=\"(max-width: 518px) 100vw, 518px\" \/><\/figure>\n","protected":false},"excerpt":{"rendered":"<p>Saisi de la l\u00e9galit\u00e9 du d\u00e9cret n\u00b0 2019-1333 du 11 d\u00e9cembre 2019 r\u00e9formant la proc\u00e9dure civile, Par un arr\u00eat du 22 septembre 2022 (nos 436939 et 437002), le Conseil d&rsquo;Etat a annul\u00e9 l&rsquo;article 750-1 du code de proc\u00e9dure civile. Pour m\u00e9moire, cette disposition dispose que : \u00ab\u00a0A peine d&rsquo;irrecevabilit\u00e9 que le juge peut prononcer d&rsquo;office, [&hellip;]<\/p>\n","protected":false},"author":2,"featured_media":0,"comment_status":"open","ping_status":"open","sticky":false,"template":"","format":"standard","meta":{"_jetpack_memberships_contains_paid_content":false,"footnotes":""},"categories":[1],"tags":[],"class_list":["post-547","post","type-post","status-publish","format-standard","hentry","category-uncategorized"],"yoast_head":"<!-- This site is optimized with the Yoast SEO plugin v27.4 - https:\/\/yoast.com\/product\/yoast-seo-wordpress\/ -->\n<title>Annulation de l&#039;article 750-1 du CPC par le Conseil d&#039;Etat - Alice Gr\u00e9zillier<\/title>\n<meta name=\"robots\" content=\"index, follow, max-snippet:-1, max-image-preview:large, max-video-preview:-1\" \/>\n<link rel=\"canonical\" href=\"https:\/\/avocat-grezillier.fr\/index.php\/2023\/03\/30\/annulation-de-larticle-750-1-du-cpc-par-le-conseil-detat\/\" \/>\n<meta property=\"og:locale\" content=\"fr_FR\" \/>\n<meta property=\"og:type\" content=\"article\" \/>\n<meta property=\"og:title\" content=\"Annulation de l&#039;article 750-1 du CPC par le Conseil d&#039;Etat - Alice Gr\u00e9zillier\" \/>\n<meta property=\"og:description\" content=\"Saisi de la l\u00e9galit\u00e9 du d\u00e9cret n\u00b0 2019-1333 du 11 d\u00e9cembre 2019 r\u00e9formant la proc\u00e9dure civile, Par un arr\u00eat du 22 septembre 2022 (nos 436939 et 437002), le Conseil d&rsquo;Etat a annul\u00e9 l&rsquo;article 750-1 du code de proc\u00e9dure civile. Pour m\u00e9moire, cette disposition dispose que : \u00ab\u00a0A peine d&rsquo;irrecevabilit\u00e9 que le juge peut prononcer d&rsquo;office, [&hellip;]\" \/>\n<meta property=\"og:url\" content=\"https:\/\/avocat-grezillier.fr\/index.php\/2023\/03\/30\/annulation-de-larticle-750-1-du-cpc-par-le-conseil-detat\/\" \/>\n<meta property=\"og:site_name\" content=\"Alice Gr\u00e9zillier\" \/>\n<meta property=\"article:published_time\" content=\"2023-03-30T09:08:46+00:00\" \/>\n<meta property=\"og:image\" content=\"https:\/\/avocat-grezillier.fr\/wp-content\/uploads\/2023\/03\/b9cb6d_1746ab8af58e40aeaa7cc763c453a15fmv2.png.webp\" \/>\n<meta name=\"author\" content=\"Avocat Grezillier\" \/>\n<meta name=\"twitter:card\" content=\"summary_large_image\" \/>\n<meta name=\"twitter:label1\" content=\"\u00c9crit par\" \/>\n\t<meta name=\"twitter:data1\" content=\"Avocat Grezillier\" \/>\n\t<meta name=\"twitter:label2\" content=\"Dur\u00e9e de lecture estim\u00e9e\" \/>\n\t<meta name=\"twitter:data2\" content=\"2 minutes\" \/>\n<script type=\"application\/ld+json\" class=\"yoast-schema-graph\">{\"@context\":\"https:\\\/\\\/schema.org\",\"@graph\":[{\"@type\":\"Article\",\"@id\":\"https:\\\/\\\/avocat-grezillier.fr\\\/index.php\\\/2023\\\/03\\\/30\\\/annulation-de-larticle-750-1-du-cpc-par-le-conseil-detat\\\/#article\",\"isPartOf\":{\"@id\":\"https:\\\/\\\/avocat-grezillier.fr\\\/index.php\\\/2023\\\/03\\\/30\\\/annulation-de-larticle-750-1-du-cpc-par-le-conseil-detat\\\/\"},\"author\":{\"name\":\"Avocat Grezillier\",\"@id\":\"https:\\\/\\\/avocat-grezillier.fr\\\/#\\\/schema\\\/person\\\/e9c9933d6fa727751ee378458f7bff3d\"},\"headline\":\"Annulation de l&rsquo;article 750-1 du CPC par le Conseil d&rsquo;Etat\",\"datePublished\":\"2023-03-30T09:08:46+00:00\",\"mainEntityOfPage\":{\"@id\":\"https:\\\/\\\/avocat-grezillier.fr\\\/index.php\\\/2023\\\/03\\\/30\\\/annulation-de-larticle-750-1-du-cpc-par-le-conseil-detat\\\/\"},\"wordCount\":388,\"commentCount\":0,\"publisher\":{\"@id\":\"https:\\\/\\\/avocat-grezillier.fr\\\/#organization\"},\"image\":{\"@id\":\"https:\\\/\\\/avocat-grezillier.fr\\\/index.php\\\/2023\\\/03\\\/30\\\/annulation-de-larticle-750-1-du-cpc-par-le-conseil-detat\\\/#primaryimage\"},\"thumbnailUrl\":\"https:\\\/\\\/avocat-grezillier.fr\\\/wp-content\\\/uploads\\\/2023\\\/03\\\/b9cb6d_1746ab8af58e40aeaa7cc763c453a15fmv2.png.webp\",\"articleSection\":[\"Uncategorized\"],\"inLanguage\":\"fr-FR\",\"potentialAction\":[{\"@type\":\"CommentAction\",\"name\":\"Comment\",\"target\":[\"https:\\\/\\\/avocat-grezillier.fr\\\/index.php\\\/2023\\\/03\\\/30\\\/annulation-de-larticle-750-1-du-cpc-par-le-conseil-detat\\\/#respond\"]}]},{\"@type\":\"WebPage\",\"@id\":\"https:\\\/\\\/avocat-grezillier.fr\\\/index.php\\\/2023\\\/03\\\/30\\\/annulation-de-larticle-750-1-du-cpc-par-le-conseil-detat\\\/\",\"url\":\"https:\\\/\\\/avocat-grezillier.fr\\\/index.php\\\/2023\\\/03\\\/30\\\/annulation-de-larticle-750-1-du-cpc-par-le-conseil-detat\\\/\",\"name\":\"Annulation de l'article 750-1 du CPC par le Conseil d'Etat - Alice Gr\u00e9zillier\",\"isPartOf\":{\"@id\":\"https:\\\/\\\/avocat-grezillier.fr\\\/#website\"},\"primaryImageOfPage\":{\"@id\":\"https:\\\/\\\/avocat-grezillier.fr\\\/index.php\\\/2023\\\/03\\\/30\\\/annulation-de-larticle-750-1-du-cpc-par-le-conseil-detat\\\/#primaryimage\"},\"image\":{\"@id\":\"https:\\\/\\\/avocat-grezillier.fr\\\/index.php\\\/2023\\\/03\\\/30\\\/annulation-de-larticle-750-1-du-cpc-par-le-conseil-detat\\\/#primaryimage\"},\"thumbnailUrl\":\"https:\\\/\\\/avocat-grezillier.fr\\\/wp-content\\\/uploads\\\/2023\\\/03\\\/b9cb6d_1746ab8af58e40aeaa7cc763c453a15fmv2.png.webp\",\"datePublished\":\"2023-03-30T09:08:46+00:00\",\"breadcrumb\":{\"@id\":\"https:\\\/\\\/avocat-grezillier.fr\\\/index.php\\\/2023\\\/03\\\/30\\\/annulation-de-larticle-750-1-du-cpc-par-le-conseil-detat\\\/#breadcrumb\"},\"inLanguage\":\"fr-FR\",\"potentialAction\":[{\"@type\":\"ReadAction\",\"target\":[\"https:\\\/\\\/avocat-grezillier.fr\\\/index.php\\\/2023\\\/03\\\/30\\\/annulation-de-larticle-750-1-du-cpc-par-le-conseil-detat\\\/\"]}]},{\"@type\":\"ImageObject\",\"inLanguage\":\"fr-FR\",\"@id\":\"https:\\\/\\\/avocat-grezillier.fr\\\/index.php\\\/2023\\\/03\\\/30\\\/annulation-de-larticle-750-1-du-cpc-par-le-conseil-detat\\\/#primaryimage\",\"url\":\"https:\\\/\\\/avocat-grezillier.fr\\\/wp-content\\\/uploads\\\/2023\\\/03\\\/b9cb6d_1746ab8af58e40aeaa7cc763c453a15fmv2.png.webp\",\"contentUrl\":\"https:\\\/\\\/avocat-grezillier.fr\\\/wp-content\\\/uploads\\\/2023\\\/03\\\/b9cb6d_1746ab8af58e40aeaa7cc763c453a15fmv2.png.webp\",\"width\":518,\"height\":786},{\"@type\":\"BreadcrumbList\",\"@id\":\"https:\\\/\\\/avocat-grezillier.fr\\\/index.php\\\/2023\\\/03\\\/30\\\/annulation-de-larticle-750-1-du-cpc-par-le-conseil-detat\\\/#breadcrumb\",\"itemListElement\":[{\"@type\":\"ListItem\",\"position\":1,\"name\":\"Accueil\",\"item\":\"https:\\\/\\\/avocat-grezillier.fr\\\/\"},{\"@type\":\"ListItem\",\"position\":2,\"name\":\"Annulation de l&rsquo;article 750-1 du CPC par le Conseil d&rsquo;Etat\"}]},{\"@type\":\"WebSite\",\"@id\":\"https:\\\/\\\/avocat-grezillier.fr\\\/#website\",\"url\":\"https:\\\/\\\/avocat-grezillier.fr\\\/\",\"name\":\"Alice Gr\u00e9zillier\",\"description\":\"Avocat\",\"publisher\":{\"@id\":\"https:\\\/\\\/avocat-grezillier.fr\\\/#organization\"},\"potentialAction\":[{\"@type\":\"SearchAction\",\"target\":{\"@type\":\"EntryPoint\",\"urlTemplate\":\"https:\\\/\\\/avocat-grezillier.fr\\\/?s={search_term_string}\"},\"query-input\":{\"@type\":\"PropertyValueSpecification\",\"valueRequired\":true,\"valueName\":\"search_term_string\"}}],\"inLanguage\":\"fr-FR\"},{\"@type\":\"Organization\",\"@id\":\"https:\\\/\\\/avocat-grezillier.fr\\\/#organization\",\"name\":\"Alice Gr\u00e9zillier\",\"url\":\"https:\\\/\\\/avocat-grezillier.fr\\\/\",\"logo\":{\"@type\":\"ImageObject\",\"inLanguage\":\"fr-FR\",\"@id\":\"https:\\\/\\\/avocat-grezillier.fr\\\/#\\\/schema\\\/logo\\\/image\\\/\",\"url\":\"https:\\\/\\\/avocat-grezillier.fr\\\/wp-content\\\/uploads\\\/2023\\\/02\\\/Logo_1_Alice_Grezillier_-3-removebg-preview.png\",\"contentUrl\":\"https:\\\/\\\/avocat-grezillier.fr\\\/wp-content\\\/uploads\\\/2023\\\/02\\\/Logo_1_Alice_Grezillier_-3-removebg-preview.png\",\"width\":500,\"height\":500,\"caption\":\"Alice Gr\u00e9zillier\"},\"image\":{\"@id\":\"https:\\\/\\\/avocat-grezillier.fr\\\/#\\\/schema\\\/logo\\\/image\\\/\"}},{\"@type\":\"Person\",\"@id\":\"https:\\\/\\\/avocat-grezillier.fr\\\/#\\\/schema\\\/person\\\/e9c9933d6fa727751ee378458f7bff3d\",\"name\":\"Avocat Grezillier\",\"image\":{\"@type\":\"ImageObject\",\"inLanguage\":\"fr-FR\",\"@id\":\"https:\\\/\\\/secure.gravatar.com\\\/avatar\\\/745cbf5b28313292d52c374240b25255a8ad0b0f9dcbcf9eff30f86a7f09a5ae?s=96&d=mm&r=g\",\"url\":\"https:\\\/\\\/secure.gravatar.com\\\/avatar\\\/745cbf5b28313292d52c374240b25255a8ad0b0f9dcbcf9eff30f86a7f09a5ae?s=96&d=mm&r=g\",\"contentUrl\":\"https:\\\/\\\/secure.gravatar.com\\\/avatar\\\/745cbf5b28313292d52c374240b25255a8ad0b0f9dcbcf9eff30f86a7f09a5ae?s=96&d=mm&r=g\",\"caption\":\"Avocat Grezillier\"},\"url\":\"https:\\\/\\\/avocat-grezillier.fr\\\/author\\\/avocat-grezillier\\\/\"}]}<\/script>\n<!-- \/ Yoast SEO plugin. -->","yoast_head_json":{"title":"Annulation de l'article 750-1 du CPC par le Conseil d'Etat - Alice Gr\u00e9zillier","robots":{"index":"index","follow":"follow","max-snippet":"max-snippet:-1","max-image-preview":"max-image-preview:large","max-video-preview":"max-video-preview:-1"},"canonical":"https:\/\/avocat-grezillier.fr\/index.php\/2023\/03\/30\/annulation-de-larticle-750-1-du-cpc-par-le-conseil-detat\/","og_locale":"fr_FR","og_type":"article","og_title":"Annulation de l'article 750-1 du CPC par le Conseil d'Etat - Alice Gr\u00e9zillier","og_description":"Saisi de la l\u00e9galit\u00e9 du d\u00e9cret n\u00b0 2019-1333 du 11 d\u00e9cembre 2019 r\u00e9formant la proc\u00e9dure civile, Par un arr\u00eat du 22 septembre 2022 (nos 436939 et 437002), le Conseil d&rsquo;Etat a annul\u00e9 l&rsquo;article 750-1 du code de proc\u00e9dure civile. Pour m\u00e9moire, cette disposition dispose que : \u00ab\u00a0A peine d&rsquo;irrecevabilit\u00e9 que le juge peut prononcer d&rsquo;office, [&hellip;]","og_url":"https:\/\/avocat-grezillier.fr\/index.php\/2023\/03\/30\/annulation-de-larticle-750-1-du-cpc-par-le-conseil-detat\/","og_site_name":"Alice Gr\u00e9zillier","article_published_time":"2023-03-30T09:08:46+00:00","og_image":[{"url":"https:\/\/avocat-grezillier.fr\/wp-content\/uploads\/2023\/03\/b9cb6d_1746ab8af58e40aeaa7cc763c453a15fmv2.png.webp","type":"","width":"","height":""}],"author":"Avocat Grezillier","twitter_card":"summary_large_image","twitter_misc":{"\u00c9crit par":"Avocat Grezillier","Dur\u00e9e de lecture estim\u00e9e":"2 minutes"},"schema":{"@context":"https:\/\/schema.org","@graph":[{"@type":"Article","@id":"https:\/\/avocat-grezillier.fr\/index.php\/2023\/03\/30\/annulation-de-larticle-750-1-du-cpc-par-le-conseil-detat\/#article","isPartOf":{"@id":"https:\/\/avocat-grezillier.fr\/index.php\/2023\/03\/30\/annulation-de-larticle-750-1-du-cpc-par-le-conseil-detat\/"},"author":{"name":"Avocat Grezillier","@id":"https:\/\/avocat-grezillier.fr\/#\/schema\/person\/e9c9933d6fa727751ee378458f7bff3d"},"headline":"Annulation de l&rsquo;article 750-1 du CPC par le Conseil d&rsquo;Etat","datePublished":"2023-03-30T09:08:46+00:00","mainEntityOfPage":{"@id":"https:\/\/avocat-grezillier.fr\/index.php\/2023\/03\/30\/annulation-de-larticle-750-1-du-cpc-par-le-conseil-detat\/"},"wordCount":388,"commentCount":0,"publisher":{"@id":"https:\/\/avocat-grezillier.fr\/#organization"},"image":{"@id":"https:\/\/avocat-grezillier.fr\/index.php\/2023\/03\/30\/annulation-de-larticle-750-1-du-cpc-par-le-conseil-detat\/#primaryimage"},"thumbnailUrl":"https:\/\/avocat-grezillier.fr\/wp-content\/uploads\/2023\/03\/b9cb6d_1746ab8af58e40aeaa7cc763c453a15fmv2.png.webp","articleSection":["Uncategorized"],"inLanguage":"fr-FR","potentialAction":[{"@type":"CommentAction","name":"Comment","target":["https:\/\/avocat-grezillier.fr\/index.php\/2023\/03\/30\/annulation-de-larticle-750-1-du-cpc-par-le-conseil-detat\/#respond"]}]},{"@type":"WebPage","@id":"https:\/\/avocat-grezillier.fr\/index.php\/2023\/03\/30\/annulation-de-larticle-750-1-du-cpc-par-le-conseil-detat\/","url":"https:\/\/avocat-grezillier.fr\/index.php\/2023\/03\/30\/annulation-de-larticle-750-1-du-cpc-par-le-conseil-detat\/","name":"Annulation de l'article 750-1 du CPC par le Conseil d'Etat - Alice Gr\u00e9zillier","isPartOf":{"@id":"https:\/\/avocat-grezillier.fr\/#website"},"primaryImageOfPage":{"@id":"https:\/\/avocat-grezillier.fr\/index.php\/2023\/03\/30\/annulation-de-larticle-750-1-du-cpc-par-le-conseil-detat\/#primaryimage"},"image":{"@id":"https:\/\/avocat-grezillier.fr\/index.php\/2023\/03\/30\/annulation-de-larticle-750-1-du-cpc-par-le-conseil-detat\/#primaryimage"},"thumbnailUrl":"https:\/\/avocat-grezillier.fr\/wp-content\/uploads\/2023\/03\/b9cb6d_1746ab8af58e40aeaa7cc763c453a15fmv2.png.webp","datePublished":"2023-03-30T09:08:46+00:00","breadcrumb":{"@id":"https:\/\/avocat-grezillier.fr\/index.php\/2023\/03\/30\/annulation-de-larticle-750-1-du-cpc-par-le-conseil-detat\/#breadcrumb"},"inLanguage":"fr-FR","potentialAction":[{"@type":"ReadAction","target":["https:\/\/avocat-grezillier.fr\/index.php\/2023\/03\/30\/annulation-de-larticle-750-1-du-cpc-par-le-conseil-detat\/"]}]},{"@type":"ImageObject","inLanguage":"fr-FR","@id":"https:\/\/avocat-grezillier.fr\/index.php\/2023\/03\/30\/annulation-de-larticle-750-1-du-cpc-par-le-conseil-detat\/#primaryimage","url":"https:\/\/avocat-grezillier.fr\/wp-content\/uploads\/2023\/03\/b9cb6d_1746ab8af58e40aeaa7cc763c453a15fmv2.png.webp","contentUrl":"https:\/\/avocat-grezillier.fr\/wp-content\/uploads\/2023\/03\/b9cb6d_1746ab8af58e40aeaa7cc763c453a15fmv2.png.webp","width":518,"height":786},{"@type":"BreadcrumbList","@id":"https:\/\/avocat-grezillier.fr\/index.php\/2023\/03\/30\/annulation-de-larticle-750-1-du-cpc-par-le-conseil-detat\/#breadcrumb","itemListElement":[{"@type":"ListItem","position":1,"name":"Accueil","item":"https:\/\/avocat-grezillier.fr\/"},{"@type":"ListItem","position":2,"name":"Annulation de l&rsquo;article 750-1 du CPC par le Conseil d&rsquo;Etat"}]},{"@type":"WebSite","@id":"https:\/\/avocat-grezillier.fr\/#website","url":"https:\/\/avocat-grezillier.fr\/","name":"Alice Gr\u00e9zillier","description":"Avocat","publisher":{"@id":"https:\/\/avocat-grezillier.fr\/#organization"},"potentialAction":[{"@type":"SearchAction","target":{"@type":"EntryPoint","urlTemplate":"https:\/\/avocat-grezillier.fr\/?s={search_term_string}"},"query-input":{"@type":"PropertyValueSpecification","valueRequired":true,"valueName":"search_term_string"}}],"inLanguage":"fr-FR"},{"@type":"Organization","@id":"https:\/\/avocat-grezillier.fr\/#organization","name":"Alice Gr\u00e9zillier","url":"https:\/\/avocat-grezillier.fr\/","logo":{"@type":"ImageObject","inLanguage":"fr-FR","@id":"https:\/\/avocat-grezillier.fr\/#\/schema\/logo\/image\/","url":"https:\/\/avocat-grezillier.fr\/wp-content\/uploads\/2023\/02\/Logo_1_Alice_Grezillier_-3-removebg-preview.png","contentUrl":"https:\/\/avocat-grezillier.fr\/wp-content\/uploads\/2023\/02\/Logo_1_Alice_Grezillier_-3-removebg-preview.png","width":500,"height":500,"caption":"Alice Gr\u00e9zillier"},"image":{"@id":"https:\/\/avocat-grezillier.fr\/#\/schema\/logo\/image\/"}},{"@type":"Person","@id":"https:\/\/avocat-grezillier.fr\/#\/schema\/person\/e9c9933d6fa727751ee378458f7bff3d","name":"Avocat Grezillier","image":{"@type":"ImageObject","inLanguage":"fr-FR","@id":"https:\/\/secure.gravatar.com\/avatar\/745cbf5b28313292d52c374240b25255a8ad0b0f9dcbcf9eff30f86a7f09a5ae?s=96&d=mm&r=g","url":"https:\/\/secure.gravatar.com\/avatar\/745cbf5b28313292d52c374240b25255a8ad0b0f9dcbcf9eff30f86a7f09a5ae?s=96&d=mm&r=g","contentUrl":"https:\/\/secure.gravatar.com\/avatar\/745cbf5b28313292d52c374240b25255a8ad0b0f9dcbcf9eff30f86a7f09a5ae?s=96&d=mm&r=g","caption":"Avocat Grezillier"},"url":"https:\/\/avocat-grezillier.fr\/author\/avocat-grezillier\/"}]}},"jetpack_featured_media_url":"","jetpack_sharing_enabled":true,"_links":{"self":[{"href":"https:\/\/avocat-grezillier.fr\/index.php\/wp-json\/wp\/v2\/posts\/547","targetHints":{"allow":["GET"]}}],"collection":[{"href":"https:\/\/avocat-grezillier.fr\/index.php\/wp-json\/wp\/v2\/posts"}],"about":[{"href":"https:\/\/avocat-grezillier.fr\/index.php\/wp-json\/wp\/v2\/types\/post"}],"author":[{"embeddable":true,"href":"https:\/\/avocat-grezillier.fr\/index.php\/wp-json\/wp\/v2\/users\/2"}],"replies":[{"embeddable":true,"href":"https:\/\/avocat-grezillier.fr\/index.php\/wp-json\/wp\/v2\/comments?post=547"}],"version-history":[{"count":1,"href":"https:\/\/avocat-grezillier.fr\/index.php\/wp-json\/wp\/v2\/posts\/547\/revisions"}],"predecessor-version":[{"id":549,"href":"https:\/\/avocat-grezillier.fr\/index.php\/wp-json\/wp\/v2\/posts\/547\/revisions\/549"}],"wp:attachment":[{"href":"https:\/\/avocat-grezillier.fr\/index.php\/wp-json\/wp\/v2\/media?parent=547"}],"wp:term":[{"taxonomy":"category","embeddable":true,"href":"https:\/\/avocat-grezillier.fr\/index.php\/wp-json\/wp\/v2\/categories?post=547"},{"taxonomy":"post_tag","embeddable":true,"href":"https:\/\/avocat-grezillier.fr\/index.php\/wp-json\/wp\/v2\/tags?post=547"}],"curies":[{"name":"wp","href":"https:\/\/api.w.org\/{rel}","templated":true}]}}