{"id":544,"date":"2023-03-30T09:07:59","date_gmt":"2023-03-30T09:07:59","guid":{"rendered":"https:\/\/avocat-grezillier.fr\/?p=544"},"modified":"2023-03-30T09:07:59","modified_gmt":"2023-03-30T09:07:59","slug":"save-the-date-petit-dej-debat-le-31-mars-a-900-sur-les-reserves-de-substitution-loi-sur-leau","status":"publish","type":"post","link":"https:\/\/avocat-grezillier.fr\/index.php\/2023\/03\/30\/save-the-date-petit-dej-debat-le-31-mars-a-900-sur-les-reserves-de-substitution-loi-sur-leau\/","title":{"rendered":"Save the date : petit-d\u00e9j\/d\u00e9bat le 31 mars \u00e0 9:00 sur les r\u00e9serves de substitution (loi sur l&rsquo;eau)"},"content":{"rendered":"\n<p id=\"viewer-foo\">Save the date :<\/p>\n\n\n\n<p id=\"viewer-2pprn\">Le prochain petit-d\u00e9j\/d\u00e9bat portera sur le th\u00e8me suivant : \u00ab\u00a0<em><strong>les r\u00e9serves de substitution : r\u00e9flexion sur les enjeux juridiques \u00e0 l&rsquo;aune du projet du bassin de la boutonne<\/strong><\/em>\u00ab\u00a0.&nbsp;<\/p>\n\n\n\n<p id=\"viewer-c3lgi\">Il s&rsquo;agira principalement d&rsquo;\u00e9tudier les proc\u00e9dures d&rsquo;autorisation de ce type de projets et les arguments juridiques soulev\u00e9s pour les contester.<\/p>\n\n\n\n<p id=\"viewer-42g7g\">Une seconde session se tiendra en avril sur le m\u00eame th\u00e8me.<\/p>\n\n\n\n<p id=\"viewer-31iop\">Inscription \u00e0 l&rsquo;adresse suivante :\u00a0<a rel=\"noreferrer noopener\" href=\"mailto:alice.grezillier@gmail.com\" target=\"_blank\"><u>alice.grezillier@gmail.com<\/u><\/a>\u00a0<strong>ou<\/strong>\u00a0par t\u00e9l\u00e9phone : 06 66 64 34 83.<\/p>\n\n\n\n<p><\/p>\n\n\n\n<figure class=\"wp-block-image size-full\"><img fetchpriority=\"high\" decoding=\"async\" width=\"924\" height=\"617\" src=\"https:\/\/avocat-grezillier.fr\/wp-content\/uploads\/2023\/03\/b9cb6d_2bd0b0af7e864218bb4881c71b7f9444mv2.png.webp\" alt=\"\" class=\"wp-image-545\" srcset=\"https:\/\/avocat-grezillier.fr\/wp-content\/uploads\/2023\/03\/b9cb6d_2bd0b0af7e864218bb4881c71b7f9444mv2.png.webp 924w, https:\/\/avocat-grezillier.fr\/wp-content\/uploads\/2023\/03\/b9cb6d_2bd0b0af7e864218bb4881c71b7f9444mv2.png-300x200.webp 300w, https:\/\/avocat-grezillier.fr\/wp-content\/uploads\/2023\/03\/b9cb6d_2bd0b0af7e864218bb4881c71b7f9444mv2.png-768x513.webp 768w\" sizes=\"(max-width: 924px) 100vw, 924px\" \/><\/figure>\n","protected":false},"excerpt":{"rendered":"<p>Save the date : Le prochain petit-d\u00e9j\/d\u00e9bat portera sur le th\u00e8me suivant : \u00ab\u00a0les r\u00e9serves de substitution : r\u00e9flexion sur les enjeux juridiques \u00e0 l&rsquo;aune du projet du bassin de la boutonne\u00ab\u00a0.&nbsp; Il s&rsquo;agira principalement d&rsquo;\u00e9tudier les proc\u00e9dures d&rsquo;autorisation de ce type de projets et les arguments juridiques soulev\u00e9s pour les contester. Une seconde session [&hellip;]<\/p>\n","protected":false},"author":2,"featured_media":0,"comment_status":"open","ping_status":"open","sticky":false,"template":"","format":"standard","meta":{"_jetpack_memberships_contains_paid_content":false,"footnotes":""},"categories":[1],"tags":[],"class_list":["post-544","post","type-post","status-publish","format-standard","hentry","category-uncategorized"],"yoast_head":"<!-- This site is optimized with the Yoast SEO plugin v27.4 - https:\/\/yoast.com\/product\/yoast-seo-wordpress\/ -->\n<title>Save the date : petit-d\u00e9j\/d\u00e9bat le 31 mars \u00e0 9:00 sur les r\u00e9serves de substitution (loi sur l&#039;eau) - Alice Gr\u00e9zillier<\/title>\n<meta name=\"robots\" content=\"index, follow, max-snippet:-1, max-image-preview:large, max-video-preview:-1\" \/>\n<link rel=\"canonical\" href=\"https:\/\/avocat-grezillier.fr\/index.php\/2023\/03\/30\/save-the-date-petit-dej-debat-le-31-mars-a-900-sur-les-reserves-de-substitution-loi-sur-leau\/\" \/>\n<meta property=\"og:locale\" content=\"fr_FR\" \/>\n<meta property=\"og:type\" content=\"article\" \/>\n<meta property=\"og:title\" content=\"Save the date : petit-d\u00e9j\/d\u00e9bat le 31 mars \u00e0 9:00 sur les r\u00e9serves de substitution (loi sur l&#039;eau) - Alice Gr\u00e9zillier\" \/>\n<meta property=\"og:description\" content=\"Save the date : Le prochain petit-d\u00e9j\/d\u00e9bat portera sur le th\u00e8me suivant : \u00ab\u00a0les r\u00e9serves de substitution : r\u00e9flexion sur les enjeux juridiques \u00e0 l&rsquo;aune du projet du bassin de la boutonne\u00ab\u00a0.&nbsp; Il s&rsquo;agira principalement d&rsquo;\u00e9tudier les proc\u00e9dures d&rsquo;autorisation de ce type de projets et les arguments juridiques soulev\u00e9s pour les contester. Une seconde session [&hellip;]\" \/>\n<meta property=\"og:url\" content=\"https:\/\/avocat-grezillier.fr\/index.php\/2023\/03\/30\/save-the-date-petit-dej-debat-le-31-mars-a-900-sur-les-reserves-de-substitution-loi-sur-leau\/\" \/>\n<meta property=\"og:site_name\" content=\"Alice Gr\u00e9zillier\" \/>\n<meta property=\"article:published_time\" content=\"2023-03-30T09:07:59+00:00\" \/>\n<meta property=\"og:image\" content=\"https:\/\/avocat-grezillier.fr\/wp-content\/uploads\/2023\/03\/b9cb6d_2bd0b0af7e864218bb4881c71b7f9444mv2.png.webp\" \/>\n<meta name=\"author\" content=\"Avocat Grezillier\" \/>\n<meta name=\"twitter:card\" content=\"summary_large_image\" \/>\n<meta name=\"twitter:label1\" content=\"\u00c9crit par\" \/>\n\t<meta name=\"twitter:data1\" content=\"Avocat Grezillier\" \/>\n<script type=\"application\/ld+json\" class=\"yoast-schema-graph\">{\"@context\":\"https:\\\/\\\/schema.org\",\"@graph\":[{\"@type\":\"Article\",\"@id\":\"https:\\\/\\\/avocat-grezillier.fr\\\/index.php\\\/2023\\\/03\\\/30\\\/save-the-date-petit-dej-debat-le-31-mars-a-900-sur-les-reserves-de-substitution-loi-sur-leau\\\/#article\",\"isPartOf\":{\"@id\":\"https:\\\/\\\/avocat-grezillier.fr\\\/index.php\\\/2023\\\/03\\\/30\\\/save-the-date-petit-dej-debat-le-31-mars-a-900-sur-les-reserves-de-substitution-loi-sur-leau\\\/\"},\"author\":{\"name\":\"Avocat Grezillier\",\"@id\":\"https:\\\/\\\/avocat-grezillier.fr\\\/#\\\/schema\\\/person\\\/e9c9933d6fa727751ee378458f7bff3d\"},\"headline\":\"Save the date : petit-d\u00e9j\\\/d\u00e9bat le 31 mars \u00e0 9:00 sur les r\u00e9serves de substitution (loi sur l&rsquo;eau)\",\"datePublished\":\"2023-03-30T09:07:59+00:00\",\"mainEntityOfPage\":{\"@id\":\"https:\\\/\\\/avocat-grezillier.fr\\\/index.php\\\/2023\\\/03\\\/30\\\/save-the-date-petit-dej-debat-le-31-mars-a-900-sur-les-reserves-de-substitution-loi-sur-leau\\\/\"},\"wordCount\":101,\"commentCount\":0,\"publisher\":{\"@id\":\"https:\\\/\\\/avocat-grezillier.fr\\\/#organization\"},\"image\":{\"@id\":\"https:\\\/\\\/avocat-grezillier.fr\\\/index.php\\\/2023\\\/03\\\/30\\\/save-the-date-petit-dej-debat-le-31-mars-a-900-sur-les-reserves-de-substitution-loi-sur-leau\\\/#primaryimage\"},\"thumbnailUrl\":\"https:\\\/\\\/avocat-grezillier.fr\\\/wp-content\\\/uploads\\\/2023\\\/03\\\/b9cb6d_2bd0b0af7e864218bb4881c71b7f9444mv2.png.webp\",\"articleSection\":[\"Uncategorized\"],\"inLanguage\":\"fr-FR\",\"potentialAction\":[{\"@type\":\"CommentAction\",\"name\":\"Comment\",\"target\":[\"https:\\\/\\\/avocat-grezillier.fr\\\/index.php\\\/2023\\\/03\\\/30\\\/save-the-date-petit-dej-debat-le-31-mars-a-900-sur-les-reserves-de-substitution-loi-sur-leau\\\/#respond\"]}]},{\"@type\":\"WebPage\",\"@id\":\"https:\\\/\\\/avocat-grezillier.fr\\\/index.php\\\/2023\\\/03\\\/30\\\/save-the-date-petit-dej-debat-le-31-mars-a-900-sur-les-reserves-de-substitution-loi-sur-leau\\\/\",\"url\":\"https:\\\/\\\/avocat-grezillier.fr\\\/index.php\\\/2023\\\/03\\\/30\\\/save-the-date-petit-dej-debat-le-31-mars-a-900-sur-les-reserves-de-substitution-loi-sur-leau\\\/\",\"name\":\"Save the date : petit-d\u00e9j\\\/d\u00e9bat le 31 mars \u00e0 9:00 sur les r\u00e9serves de substitution (loi sur l'eau) - Alice Gr\u00e9zillier\",\"isPartOf\":{\"@id\":\"https:\\\/\\\/avocat-grezillier.fr\\\/#website\"},\"primaryImageOfPage\":{\"@id\":\"https:\\\/\\\/avocat-grezillier.fr\\\/index.php\\\/2023\\\/03\\\/30\\\/save-the-date-petit-dej-debat-le-31-mars-a-900-sur-les-reserves-de-substitution-loi-sur-leau\\\/#primaryimage\"},\"image\":{\"@id\":\"https:\\\/\\\/avocat-grezillier.fr\\\/index.php\\\/2023\\\/03\\\/30\\\/save-the-date-petit-dej-debat-le-31-mars-a-900-sur-les-reserves-de-substitution-loi-sur-leau\\\/#primaryimage\"},\"thumbnailUrl\":\"https:\\\/\\\/avocat-grezillier.fr\\\/wp-content\\\/uploads\\\/2023\\\/03\\\/b9cb6d_2bd0b0af7e864218bb4881c71b7f9444mv2.png.webp\",\"datePublished\":\"2023-03-30T09:07:59+00:00\",\"breadcrumb\":{\"@id\":\"https:\\\/\\\/avocat-grezillier.fr\\\/index.php\\\/2023\\\/03\\\/30\\\/save-the-date-petit-dej-debat-le-31-mars-a-900-sur-les-reserves-de-substitution-loi-sur-leau\\\/#breadcrumb\"},\"inLanguage\":\"fr-FR\",\"potentialAction\":[{\"@type\":\"ReadAction\",\"target\":[\"https:\\\/\\\/avocat-grezillier.fr\\\/index.php\\\/2023\\\/03\\\/30\\\/save-the-date-petit-dej-debat-le-31-mars-a-900-sur-les-reserves-de-substitution-loi-sur-leau\\\/\"]}]},{\"@type\":\"ImageObject\",\"inLanguage\":\"fr-FR\",\"@id\":\"https:\\\/\\\/avocat-grezillier.fr\\\/index.php\\\/2023\\\/03\\\/30\\\/save-the-date-petit-dej-debat-le-31-mars-a-900-sur-les-reserves-de-substitution-loi-sur-leau\\\/#primaryimage\",\"url\":\"https:\\\/\\\/avocat-grezillier.fr\\\/wp-content\\\/uploads\\\/2023\\\/03\\\/b9cb6d_2bd0b0af7e864218bb4881c71b7f9444mv2.png.webp\",\"contentUrl\":\"https:\\\/\\\/avocat-grezillier.fr\\\/wp-content\\\/uploads\\\/2023\\\/03\\\/b9cb6d_2bd0b0af7e864218bb4881c71b7f9444mv2.png.webp\",\"width\":924,\"height\":617},{\"@type\":\"BreadcrumbList\",\"@id\":\"https:\\\/\\\/avocat-grezillier.fr\\\/index.php\\\/2023\\\/03\\\/30\\\/save-the-date-petit-dej-debat-le-31-mars-a-900-sur-les-reserves-de-substitution-loi-sur-leau\\\/#breadcrumb\",\"itemListElement\":[{\"@type\":\"ListItem\",\"position\":1,\"name\":\"Accueil\",\"item\":\"https:\\\/\\\/avocat-grezillier.fr\\\/\"},{\"@type\":\"ListItem\",\"position\":2,\"name\":\"Save the date : petit-d\u00e9j\\\/d\u00e9bat le 31 mars \u00e0 9:00 sur les r\u00e9serves de substitution (loi sur l&rsquo;eau)\"}]},{\"@type\":\"WebSite\",\"@id\":\"https:\\\/\\\/avocat-grezillier.fr\\\/#website\",\"url\":\"https:\\\/\\\/avocat-grezillier.fr\\\/\",\"name\":\"Alice Gr\u00e9zillier\",\"description\":\"Avocat\",\"publisher\":{\"@id\":\"https:\\\/\\\/avocat-grezillier.fr\\\/#organization\"},\"potentialAction\":[{\"@type\":\"SearchAction\",\"target\":{\"@type\":\"EntryPoint\",\"urlTemplate\":\"https:\\\/\\\/avocat-grezillier.fr\\\/?s={search_term_string}\"},\"query-input\":{\"@type\":\"PropertyValueSpecification\",\"valueRequired\":true,\"valueName\":\"search_term_string\"}}],\"inLanguage\":\"fr-FR\"},{\"@type\":\"Organization\",\"@id\":\"https:\\\/\\\/avocat-grezillier.fr\\\/#organization\",\"name\":\"Alice Gr\u00e9zillier\",\"url\":\"https:\\\/\\\/avocat-grezillier.fr\\\/\",\"logo\":{\"@type\":\"ImageObject\",\"inLanguage\":\"fr-FR\",\"@id\":\"https:\\\/\\\/avocat-grezillier.fr\\\/#\\\/schema\\\/logo\\\/image\\\/\",\"url\":\"https:\\\/\\\/avocat-grezillier.fr\\\/wp-content\\\/uploads\\\/2023\\\/02\\\/Logo_1_Alice_Grezillier_-3-removebg-preview.png\",\"contentUrl\":\"https:\\\/\\\/avocat-grezillier.fr\\\/wp-content\\\/uploads\\\/2023\\\/02\\\/Logo_1_Alice_Grezillier_-3-removebg-preview.png\",\"width\":500,\"height\":500,\"caption\":\"Alice Gr\u00e9zillier\"},\"image\":{\"@id\":\"https:\\\/\\\/avocat-grezillier.fr\\\/#\\\/schema\\\/logo\\\/image\\\/\"}},{\"@type\":\"Person\",\"@id\":\"https:\\\/\\\/avocat-grezillier.fr\\\/#\\\/schema\\\/person\\\/e9c9933d6fa727751ee378458f7bff3d\",\"name\":\"Avocat Grezillier\",\"image\":{\"@type\":\"ImageObject\",\"inLanguage\":\"fr-FR\",\"@id\":\"https:\\\/\\\/secure.gravatar.com\\\/avatar\\\/745cbf5b28313292d52c374240b25255a8ad0b0f9dcbcf9eff30f86a7f09a5ae?s=96&d=mm&r=g\",\"url\":\"https:\\\/\\\/secure.gravatar.com\\\/avatar\\\/745cbf5b28313292d52c374240b25255a8ad0b0f9dcbcf9eff30f86a7f09a5ae?s=96&d=mm&r=g\",\"contentUrl\":\"https:\\\/\\\/secure.gravatar.com\\\/avatar\\\/745cbf5b28313292d52c374240b25255a8ad0b0f9dcbcf9eff30f86a7f09a5ae?s=96&d=mm&r=g\",\"caption\":\"Avocat Grezillier\"},\"url\":\"https:\\\/\\\/avocat-grezillier.fr\\\/author\\\/avocat-grezillier\\\/\"}]}<\/script>\n<!-- \/ Yoast SEO plugin. -->","yoast_head_json":{"title":"Save the date : petit-d\u00e9j\/d\u00e9bat le 31 mars \u00e0 9:00 sur les r\u00e9serves de substitution (loi sur l'eau) - Alice Gr\u00e9zillier","robots":{"index":"index","follow":"follow","max-snippet":"max-snippet:-1","max-image-preview":"max-image-preview:large","max-video-preview":"max-video-preview:-1"},"canonical":"https:\/\/avocat-grezillier.fr\/index.php\/2023\/03\/30\/save-the-date-petit-dej-debat-le-31-mars-a-900-sur-les-reserves-de-substitution-loi-sur-leau\/","og_locale":"fr_FR","og_type":"article","og_title":"Save the date : petit-d\u00e9j\/d\u00e9bat le 31 mars \u00e0 9:00 sur les r\u00e9serves de substitution (loi sur l'eau) - Alice Gr\u00e9zillier","og_description":"Save the date : Le prochain petit-d\u00e9j\/d\u00e9bat portera sur le th\u00e8me suivant : \u00ab\u00a0les r\u00e9serves de substitution : r\u00e9flexion sur les enjeux juridiques \u00e0 l&rsquo;aune du projet du bassin de la boutonne\u00ab\u00a0.&nbsp; Il s&rsquo;agira principalement d&rsquo;\u00e9tudier les proc\u00e9dures d&rsquo;autorisation de ce type de projets et les arguments juridiques soulev\u00e9s pour les contester. Une seconde session [&hellip;]","og_url":"https:\/\/avocat-grezillier.fr\/index.php\/2023\/03\/30\/save-the-date-petit-dej-debat-le-31-mars-a-900-sur-les-reserves-de-substitution-loi-sur-leau\/","og_site_name":"Alice Gr\u00e9zillier","article_published_time":"2023-03-30T09:07:59+00:00","og_image":[{"url":"https:\/\/avocat-grezillier.fr\/wp-content\/uploads\/2023\/03\/b9cb6d_2bd0b0af7e864218bb4881c71b7f9444mv2.png.webp","type":"","width":"","height":""}],"author":"Avocat Grezillier","twitter_card":"summary_large_image","twitter_misc":{"\u00c9crit par":"Avocat Grezillier"},"schema":{"@context":"https:\/\/schema.org","@graph":[{"@type":"Article","@id":"https:\/\/avocat-grezillier.fr\/index.php\/2023\/03\/30\/save-the-date-petit-dej-debat-le-31-mars-a-900-sur-les-reserves-de-substitution-loi-sur-leau\/#article","isPartOf":{"@id":"https:\/\/avocat-grezillier.fr\/index.php\/2023\/03\/30\/save-the-date-petit-dej-debat-le-31-mars-a-900-sur-les-reserves-de-substitution-loi-sur-leau\/"},"author":{"name":"Avocat Grezillier","@id":"https:\/\/avocat-grezillier.fr\/#\/schema\/person\/e9c9933d6fa727751ee378458f7bff3d"},"headline":"Save the date : petit-d\u00e9j\/d\u00e9bat le 31 mars \u00e0 9:00 sur les r\u00e9serves de substitution (loi sur l&rsquo;eau)","datePublished":"2023-03-30T09:07:59+00:00","mainEntityOfPage":{"@id":"https:\/\/avocat-grezillier.fr\/index.php\/2023\/03\/30\/save-the-date-petit-dej-debat-le-31-mars-a-900-sur-les-reserves-de-substitution-loi-sur-leau\/"},"wordCount":101,"commentCount":0,"publisher":{"@id":"https:\/\/avocat-grezillier.fr\/#organization"},"image":{"@id":"https:\/\/avocat-grezillier.fr\/index.php\/2023\/03\/30\/save-the-date-petit-dej-debat-le-31-mars-a-900-sur-les-reserves-de-substitution-loi-sur-leau\/#primaryimage"},"thumbnailUrl":"https:\/\/avocat-grezillier.fr\/wp-content\/uploads\/2023\/03\/b9cb6d_2bd0b0af7e864218bb4881c71b7f9444mv2.png.webp","articleSection":["Uncategorized"],"inLanguage":"fr-FR","potentialAction":[{"@type":"CommentAction","name":"Comment","target":["https:\/\/avocat-grezillier.fr\/index.php\/2023\/03\/30\/save-the-date-petit-dej-debat-le-31-mars-a-900-sur-les-reserves-de-substitution-loi-sur-leau\/#respond"]}]},{"@type":"WebPage","@id":"https:\/\/avocat-grezillier.fr\/index.php\/2023\/03\/30\/save-the-date-petit-dej-debat-le-31-mars-a-900-sur-les-reserves-de-substitution-loi-sur-leau\/","url":"https:\/\/avocat-grezillier.fr\/index.php\/2023\/03\/30\/save-the-date-petit-dej-debat-le-31-mars-a-900-sur-les-reserves-de-substitution-loi-sur-leau\/","name":"Save the date : petit-d\u00e9j\/d\u00e9bat le 31 mars \u00e0 9:00 sur les r\u00e9serves de substitution (loi sur l'eau) - Alice Gr\u00e9zillier","isPartOf":{"@id":"https:\/\/avocat-grezillier.fr\/#website"},"primaryImageOfPage":{"@id":"https:\/\/avocat-grezillier.fr\/index.php\/2023\/03\/30\/save-the-date-petit-dej-debat-le-31-mars-a-900-sur-les-reserves-de-substitution-loi-sur-leau\/#primaryimage"},"image":{"@id":"https:\/\/avocat-grezillier.fr\/index.php\/2023\/03\/30\/save-the-date-petit-dej-debat-le-31-mars-a-900-sur-les-reserves-de-substitution-loi-sur-leau\/#primaryimage"},"thumbnailUrl":"https:\/\/avocat-grezillier.fr\/wp-content\/uploads\/2023\/03\/b9cb6d_2bd0b0af7e864218bb4881c71b7f9444mv2.png.webp","datePublished":"2023-03-30T09:07:59+00:00","breadcrumb":{"@id":"https:\/\/avocat-grezillier.fr\/index.php\/2023\/03\/30\/save-the-date-petit-dej-debat-le-31-mars-a-900-sur-les-reserves-de-substitution-loi-sur-leau\/#breadcrumb"},"inLanguage":"fr-FR","potentialAction":[{"@type":"ReadAction","target":["https:\/\/avocat-grezillier.fr\/index.php\/2023\/03\/30\/save-the-date-petit-dej-debat-le-31-mars-a-900-sur-les-reserves-de-substitution-loi-sur-leau\/"]}]},{"@type":"ImageObject","inLanguage":"fr-FR","@id":"https:\/\/avocat-grezillier.fr\/index.php\/2023\/03\/30\/save-the-date-petit-dej-debat-le-31-mars-a-900-sur-les-reserves-de-substitution-loi-sur-leau\/#primaryimage","url":"https:\/\/avocat-grezillier.fr\/wp-content\/uploads\/2023\/03\/b9cb6d_2bd0b0af7e864218bb4881c71b7f9444mv2.png.webp","contentUrl":"https:\/\/avocat-grezillier.fr\/wp-content\/uploads\/2023\/03\/b9cb6d_2bd0b0af7e864218bb4881c71b7f9444mv2.png.webp","width":924,"height":617},{"@type":"BreadcrumbList","@id":"https:\/\/avocat-grezillier.fr\/index.php\/2023\/03\/30\/save-the-date-petit-dej-debat-le-31-mars-a-900-sur-les-reserves-de-substitution-loi-sur-leau\/#breadcrumb","itemListElement":[{"@type":"ListItem","position":1,"name":"Accueil","item":"https:\/\/avocat-grezillier.fr\/"},{"@type":"ListItem","position":2,"name":"Save the date : petit-d\u00e9j\/d\u00e9bat le 31 mars \u00e0 9:00 sur les r\u00e9serves de substitution (loi sur l&rsquo;eau)"}]},{"@type":"WebSite","@id":"https:\/\/avocat-grezillier.fr\/#website","url":"https:\/\/avocat-grezillier.fr\/","name":"Alice Gr\u00e9zillier","description":"Avocat","publisher":{"@id":"https:\/\/avocat-grezillier.fr\/#organization"},"potentialAction":[{"@type":"SearchAction","target":{"@type":"EntryPoint","urlTemplate":"https:\/\/avocat-grezillier.fr\/?s={search_term_string}"},"query-input":{"@type":"PropertyValueSpecification","valueRequired":true,"valueName":"search_term_string"}}],"inLanguage":"fr-FR"},{"@type":"Organization","@id":"https:\/\/avocat-grezillier.fr\/#organization","name":"Alice Gr\u00e9zillier","url":"https:\/\/avocat-grezillier.fr\/","logo":{"@type":"ImageObject","inLanguage":"fr-FR","@id":"https:\/\/avocat-grezillier.fr\/#\/schema\/logo\/image\/","url":"https:\/\/avocat-grezillier.fr\/wp-content\/uploads\/2023\/02\/Logo_1_Alice_Grezillier_-3-removebg-preview.png","contentUrl":"https:\/\/avocat-grezillier.fr\/wp-content\/uploads\/2023\/02\/Logo_1_Alice_Grezillier_-3-removebg-preview.png","width":500,"height":500,"caption":"Alice Gr\u00e9zillier"},"image":{"@id":"https:\/\/avocat-grezillier.fr\/#\/schema\/logo\/image\/"}},{"@type":"Person","@id":"https:\/\/avocat-grezillier.fr\/#\/schema\/person\/e9c9933d6fa727751ee378458f7bff3d","name":"Avocat Grezillier","image":{"@type":"ImageObject","inLanguage":"fr-FR","@id":"https:\/\/secure.gravatar.com\/avatar\/745cbf5b28313292d52c374240b25255a8ad0b0f9dcbcf9eff30f86a7f09a5ae?s=96&d=mm&r=g","url":"https:\/\/secure.gravatar.com\/avatar\/745cbf5b28313292d52c374240b25255a8ad0b0f9dcbcf9eff30f86a7f09a5ae?s=96&d=mm&r=g","contentUrl":"https:\/\/secure.gravatar.com\/avatar\/745cbf5b28313292d52c374240b25255a8ad0b0f9dcbcf9eff30f86a7f09a5ae?s=96&d=mm&r=g","caption":"Avocat Grezillier"},"url":"https:\/\/avocat-grezillier.fr\/author\/avocat-grezillier\/"}]}},"jetpack_featured_media_url":"","jetpack_sharing_enabled":true,"_links":{"self":[{"href":"https:\/\/avocat-grezillier.fr\/index.php\/wp-json\/wp\/v2\/posts\/544","targetHints":{"allow":["GET"]}}],"collection":[{"href":"https:\/\/avocat-grezillier.fr\/index.php\/wp-json\/wp\/v2\/posts"}],"about":[{"href":"https:\/\/avocat-grezillier.fr\/index.php\/wp-json\/wp\/v2\/types\/post"}],"author":[{"embeddable":true,"href":"https:\/\/avocat-grezillier.fr\/index.php\/wp-json\/wp\/v2\/users\/2"}],"replies":[{"embeddable":true,"href":"https:\/\/avocat-grezillier.fr\/index.php\/wp-json\/wp\/v2\/comments?post=544"}],"version-history":[{"count":1,"href":"https:\/\/avocat-grezillier.fr\/index.php\/wp-json\/wp\/v2\/posts\/544\/revisions"}],"predecessor-version":[{"id":546,"href":"https:\/\/avocat-grezillier.fr\/index.php\/wp-json\/wp\/v2\/posts\/544\/revisions\/546"}],"wp:attachment":[{"href":"https:\/\/avocat-grezillier.fr\/index.php\/wp-json\/wp\/v2\/media?parent=544"}],"wp:term":[{"taxonomy":"category","embeddable":true,"href":"https:\/\/avocat-grezillier.fr\/index.php\/wp-json\/wp\/v2\/categories?post=544"},{"taxonomy":"post_tag","embeddable":true,"href":"https:\/\/avocat-grezillier.fr\/index.php\/wp-json\/wp\/v2\/tags?post=544"}],"curies":[{"name":"wp","href":"https:\/\/api.w.org\/{rel}","templated":true}]}}