{"id":535,"date":"2023-03-30T09:03:51","date_gmt":"2023-03-30T09:03:51","guid":{"rendered":"https:\/\/avocat-grezillier.fr\/?p=535"},"modified":"2023-03-30T09:03:51","modified_gmt":"2023-03-30T09:03:51","slug":"arrete-de-peril-ordinaire-modalites-de-consultation-de-larchitecte-des-batiments-de-france","status":"publish","type":"post","link":"https:\/\/avocat-grezillier.fr\/index.php\/2023\/03\/30\/arrete-de-peril-ordinaire-modalites-de-consultation-de-larchitecte-des-batiments-de-france\/","title":{"rendered":"Arr\u00eat\u00e9 de p\u00e9ril ordinaire : modalit\u00e9s de consultation de l\u2019architecte des b\u00e2timents de France"},"content":{"rendered":"\n<p id=\"viewer-foo\">L\u2019article R. 511-2 du code de la construction et de l\u2019habitation pr\u00e9voit qu\u2019\u00ab&nbsp;<em>Avant d&rsquo;ordonner la r\u00e9paration ou la d\u00e9molition d&rsquo;un immeuble mena\u00e7ant ruine en application de l&rsquo;article L. 511-2, le maire sollicite l&rsquo;avis de l&rsquo;architecte des B\u00e2timents de France dans les cas o\u00f9 cet immeuble est : \/ 1\u00b0 Soit inscrit au titre des monuments historiques en application de l&rsquo;article L. 621-25 du code du patrimoine ; \/ 2\u00b0 Soit situ\u00e9 dans les abords des monuments historiques d\u00e9finis \u00e0 l&rsquo;article L. 621-30 du m\u00eame code ; \/ 3\u00b0 Soit situ\u00e9 dans le p\u00e9rim\u00e8tre d&rsquo;un site patrimonial remarquable class\u00e9 en application de l&rsquo;article L. 631-1 du m\u00eame code ; \/ 4\u00b0 Soit prot\u00e9g\u00e9 au titre des articles L. 341-1, L. 341-2 ou L. 341-7 du code de l&rsquo;environnement. \/ L&rsquo;avis est r\u00e9put\u00e9 \u00e9mis en l&rsquo;absence de r\u00e9ponse dans le d\u00e9lai de quinze jours. (\u2026).&nbsp;<\/em>\u00bb.<\/p>\n\n\n\n<p id=\"viewer-fl43q\">Il r\u00e9sulte de cet article que le maire est tenu de \u00ab&nbsp;<em>solliciter<\/em>&nbsp;\u00bb l\u2019avis de l\u2019architecte des b\u00e2timents de France pr\u00e9alablement \u00e0 l\u2019adoption de l\u2019arr\u00eat\u00e9 de p\u00e9ril ordinaire. La formulation employ\u00e9e (\u00ab&nbsp;<em>le maire sollicite l\u2019avis<\/em>\u00bb) pourrait laisser penser que le maire est simplement tenu d\u2019effectuer une demande d\u2019avis aupr\u00e8s de l\u2019architecte des b\u00e2timents de France mais qu\u2019il n\u2019est pas tenu d\u2019attendre que l\u2019architecte des b\u00e2timents de France ait rendu son avis pour adopter l\u2019arr\u00eat\u00e9 de p\u00e9ril ordinaire.&nbsp;<\/p>\n\n\n\n<p id=\"viewer-6ki1j\">Toutefois, une telle interpr\u00e9tation aurait probablement pour effet de rendre inutile l\u2019avis de l\u2019architecte des b\u00e2timents de France. En effet, suivant une telle interpr\u00e9tation, l\u2019avis de l\u2019architecte pourrait intervenir apr\u00e8s la r\u00e9alisation des travaux ou de la d\u00e9molition du b\u00e2timent prescrite par l\u2019arr\u00eat\u00e9 de p\u00e9ril. C\u2019est pourquoi il appara\u00eetrait logique de consid\u00e9rer que le maire est tenu d\u2019attendre que l\u2019architecte des b\u00e2timents de France se soit prononc\u00e9 avant d\u2019adopter son arr\u00eat\u00e9 de p\u00e9ril ordinaire.<\/p>\n\n\n\n<p id=\"viewer-f2n9u\">Lorsque la r\u00e8gle ci-dessus n\u2019a pas \u00e9t\u00e9 respect\u00e9e (l\u2019avis de l\u2019architecte des b\u00e2timents de France n\u2019a pas \u00e9t\u00e9 rendu avant l\u2019adoption de l\u2019arr\u00eat\u00e9 de p\u00e9ril), la question se pose de savoir si une telle irr\u00e9gularit\u00e9 est substantielle, ce qui \u2013 dans l\u2019affirmative \u2013 conduirait le juge administratif \u00e0 annuler l\u2019arr\u00eat\u00e9 vici\u00e9.<\/p>\n\n\n\n<p id=\"viewer-7fsqu\">Sur ce point, dans son arr\u00eat&nbsp;<em>Danthony&nbsp;<\/em>(CE Ass., 23 d\u00e9cembre 2011, n\u00b0 335033), le Conseil d\u2019Etat a jug\u00e9 que lorsqu\u2019un acte administratif est entach\u00e9 d\u2019un vice non-substantiel (d\u2019un vice qui n\u2019a pas eu d\u2019influence sur le sens de la d\u00e9cision ou qui n\u2019a pas priv\u00e9 les int\u00e9ress\u00e9s d\u2019une garantie), un tel acte n\u2019encourt pas d\u2019annulation.<\/p>\n\n\n\n<p id=\"viewer-a0bk9\">Pour plus de pr\u00e9cisions, n\u2019h\u00e9sitez pas \u00e0 me contacter au 06 66 64 34 83.<\/p>\n\n\n\n<p><\/p>\n\n\n\n<p><\/p>\n\n\n\n<figure class=\"wp-block-image size-full\"><img fetchpriority=\"high\" decoding=\"async\" width=\"490\" height=\"462\" src=\"https:\/\/avocat-grezillier.fr\/wp-content\/uploads\/2023\/03\/b9cb6d_52b72ed046804c78a463b90a9a92bc6dmv2.png.webp\" alt=\"\" class=\"wp-image-536\" srcset=\"https:\/\/avocat-grezillier.fr\/wp-content\/uploads\/2023\/03\/b9cb6d_52b72ed046804c78a463b90a9a92bc6dmv2.png.webp 490w, https:\/\/avocat-grezillier.fr\/wp-content\/uploads\/2023\/03\/b9cb6d_52b72ed046804c78a463b90a9a92bc6dmv2.png-300x283.webp 300w\" sizes=\"(max-width: 490px) 100vw, 490px\" \/><\/figure>\n","protected":false},"excerpt":{"rendered":"<p>L\u2019article R. 511-2 du code de la construction et de l\u2019habitation pr\u00e9voit qu\u2019\u00ab&nbsp;Avant d&rsquo;ordonner la r\u00e9paration ou la d\u00e9molition d&rsquo;un immeuble mena\u00e7ant ruine en application de l&rsquo;article L. 511-2, le maire sollicite l&rsquo;avis de l&rsquo;architecte des B\u00e2timents de France dans les cas o\u00f9 cet immeuble est : \/ 1\u00b0 Soit inscrit au titre des monuments [&hellip;]<\/p>\n","protected":false},"author":2,"featured_media":0,"comment_status":"open","ping_status":"open","sticky":false,"template":"","format":"standard","meta":{"_jetpack_memberships_contains_paid_content":false,"footnotes":""},"categories":[1],"tags":[],"class_list":["post-535","post","type-post","status-publish","format-standard","hentry","category-uncategorized"],"yoast_head":"<!-- This site is optimized with the Yoast SEO plugin v27.4 - https:\/\/yoast.com\/product\/yoast-seo-wordpress\/ -->\n<title>Arr\u00eat\u00e9 de p\u00e9ril ordinaire : modalit\u00e9s de consultation de l\u2019architecte des b\u00e2timents de France - Alice Gr\u00e9zillier<\/title>\n<meta name=\"robots\" content=\"index, follow, max-snippet:-1, max-image-preview:large, max-video-preview:-1\" \/>\n<link rel=\"canonical\" href=\"https:\/\/avocat-grezillier.fr\/index.php\/2023\/03\/30\/arrete-de-peril-ordinaire-modalites-de-consultation-de-larchitecte-des-batiments-de-france\/\" \/>\n<meta property=\"og:locale\" content=\"fr_FR\" \/>\n<meta property=\"og:type\" content=\"article\" \/>\n<meta property=\"og:title\" content=\"Arr\u00eat\u00e9 de p\u00e9ril ordinaire : modalit\u00e9s de consultation de l\u2019architecte des b\u00e2timents de France - Alice Gr\u00e9zillier\" \/>\n<meta property=\"og:description\" content=\"L\u2019article R. 511-2 du code de la construction et de l\u2019habitation pr\u00e9voit qu\u2019\u00ab&nbsp;Avant d&rsquo;ordonner la r\u00e9paration ou la d\u00e9molition d&rsquo;un immeuble mena\u00e7ant ruine en application de l&rsquo;article L. 511-2, le maire sollicite l&rsquo;avis de l&rsquo;architecte des B\u00e2timents de France dans les cas o\u00f9 cet immeuble est : \/ 1\u00b0 Soit inscrit au titre des monuments [&hellip;]\" \/>\n<meta property=\"og:url\" content=\"https:\/\/avocat-grezillier.fr\/index.php\/2023\/03\/30\/arrete-de-peril-ordinaire-modalites-de-consultation-de-larchitecte-des-batiments-de-france\/\" \/>\n<meta property=\"og:site_name\" content=\"Alice Gr\u00e9zillier\" \/>\n<meta property=\"article:published_time\" content=\"2023-03-30T09:03:51+00:00\" \/>\n<meta property=\"og:image\" content=\"https:\/\/avocat-grezillier.fr\/wp-content\/uploads\/2023\/03\/b9cb6d_52b72ed046804c78a463b90a9a92bc6dmv2.png.webp\" \/>\n<meta name=\"author\" content=\"Avocat Grezillier\" \/>\n<meta name=\"twitter:card\" content=\"summary_large_image\" \/>\n<meta name=\"twitter:label1\" content=\"\u00c9crit par\" \/>\n\t<meta name=\"twitter:data1\" content=\"Avocat Grezillier\" \/>\n\t<meta name=\"twitter:label2\" content=\"Dur\u00e9e de lecture estim\u00e9e\" \/>\n\t<meta name=\"twitter:data2\" content=\"2 minutes\" \/>\n<script type=\"application\/ld+json\" class=\"yoast-schema-graph\">{\"@context\":\"https:\\\/\\\/schema.org\",\"@graph\":[{\"@type\":\"Article\",\"@id\":\"https:\\\/\\\/avocat-grezillier.fr\\\/index.php\\\/2023\\\/03\\\/30\\\/arrete-de-peril-ordinaire-modalites-de-consultation-de-larchitecte-des-batiments-de-france\\\/#article\",\"isPartOf\":{\"@id\":\"https:\\\/\\\/avocat-grezillier.fr\\\/index.php\\\/2023\\\/03\\\/30\\\/arrete-de-peril-ordinaire-modalites-de-consultation-de-larchitecte-des-batiments-de-france\\\/\"},\"author\":{\"name\":\"Avocat Grezillier\",\"@id\":\"https:\\\/\\\/avocat-grezillier.fr\\\/#\\\/schema\\\/person\\\/e9c9933d6fa727751ee378458f7bff3d\"},\"headline\":\"Arr\u00eat\u00e9 de p\u00e9ril ordinaire : modalit\u00e9s de consultation de l\u2019architecte des b\u00e2timents de France\",\"datePublished\":\"2023-03-30T09:03:51+00:00\",\"mainEntityOfPage\":{\"@id\":\"https:\\\/\\\/avocat-grezillier.fr\\\/index.php\\\/2023\\\/03\\\/30\\\/arrete-de-peril-ordinaire-modalites-de-consultation-de-larchitecte-des-batiments-de-france\\\/\"},\"wordCount\":510,\"commentCount\":0,\"publisher\":{\"@id\":\"https:\\\/\\\/avocat-grezillier.fr\\\/#organization\"},\"image\":{\"@id\":\"https:\\\/\\\/avocat-grezillier.fr\\\/index.php\\\/2023\\\/03\\\/30\\\/arrete-de-peril-ordinaire-modalites-de-consultation-de-larchitecte-des-batiments-de-france\\\/#primaryimage\"},\"thumbnailUrl\":\"https:\\\/\\\/avocat-grezillier.fr\\\/wp-content\\\/uploads\\\/2023\\\/03\\\/b9cb6d_52b72ed046804c78a463b90a9a92bc6dmv2.png.webp\",\"articleSection\":[\"Uncategorized\"],\"inLanguage\":\"fr-FR\",\"potentialAction\":[{\"@type\":\"CommentAction\",\"name\":\"Comment\",\"target\":[\"https:\\\/\\\/avocat-grezillier.fr\\\/index.php\\\/2023\\\/03\\\/30\\\/arrete-de-peril-ordinaire-modalites-de-consultation-de-larchitecte-des-batiments-de-france\\\/#respond\"]}]},{\"@type\":\"WebPage\",\"@id\":\"https:\\\/\\\/avocat-grezillier.fr\\\/index.php\\\/2023\\\/03\\\/30\\\/arrete-de-peril-ordinaire-modalites-de-consultation-de-larchitecte-des-batiments-de-france\\\/\",\"url\":\"https:\\\/\\\/avocat-grezillier.fr\\\/index.php\\\/2023\\\/03\\\/30\\\/arrete-de-peril-ordinaire-modalites-de-consultation-de-larchitecte-des-batiments-de-france\\\/\",\"name\":\"Arr\u00eat\u00e9 de p\u00e9ril ordinaire : modalit\u00e9s de consultation de l\u2019architecte des b\u00e2timents de France - Alice Gr\u00e9zillier\",\"isPartOf\":{\"@id\":\"https:\\\/\\\/avocat-grezillier.fr\\\/#website\"},\"primaryImageOfPage\":{\"@id\":\"https:\\\/\\\/avocat-grezillier.fr\\\/index.php\\\/2023\\\/03\\\/30\\\/arrete-de-peril-ordinaire-modalites-de-consultation-de-larchitecte-des-batiments-de-france\\\/#primaryimage\"},\"image\":{\"@id\":\"https:\\\/\\\/avocat-grezillier.fr\\\/index.php\\\/2023\\\/03\\\/30\\\/arrete-de-peril-ordinaire-modalites-de-consultation-de-larchitecte-des-batiments-de-france\\\/#primaryimage\"},\"thumbnailUrl\":\"https:\\\/\\\/avocat-grezillier.fr\\\/wp-content\\\/uploads\\\/2023\\\/03\\\/b9cb6d_52b72ed046804c78a463b90a9a92bc6dmv2.png.webp\",\"datePublished\":\"2023-03-30T09:03:51+00:00\",\"breadcrumb\":{\"@id\":\"https:\\\/\\\/avocat-grezillier.fr\\\/index.php\\\/2023\\\/03\\\/30\\\/arrete-de-peril-ordinaire-modalites-de-consultation-de-larchitecte-des-batiments-de-france\\\/#breadcrumb\"},\"inLanguage\":\"fr-FR\",\"potentialAction\":[{\"@type\":\"ReadAction\",\"target\":[\"https:\\\/\\\/avocat-grezillier.fr\\\/index.php\\\/2023\\\/03\\\/30\\\/arrete-de-peril-ordinaire-modalites-de-consultation-de-larchitecte-des-batiments-de-france\\\/\"]}]},{\"@type\":\"ImageObject\",\"inLanguage\":\"fr-FR\",\"@id\":\"https:\\\/\\\/avocat-grezillier.fr\\\/index.php\\\/2023\\\/03\\\/30\\\/arrete-de-peril-ordinaire-modalites-de-consultation-de-larchitecte-des-batiments-de-france\\\/#primaryimage\",\"url\":\"https:\\\/\\\/avocat-grezillier.fr\\\/wp-content\\\/uploads\\\/2023\\\/03\\\/b9cb6d_52b72ed046804c78a463b90a9a92bc6dmv2.png.webp\",\"contentUrl\":\"https:\\\/\\\/avocat-grezillier.fr\\\/wp-content\\\/uploads\\\/2023\\\/03\\\/b9cb6d_52b72ed046804c78a463b90a9a92bc6dmv2.png.webp\",\"width\":490,\"height\":462},{\"@type\":\"BreadcrumbList\",\"@id\":\"https:\\\/\\\/avocat-grezillier.fr\\\/index.php\\\/2023\\\/03\\\/30\\\/arrete-de-peril-ordinaire-modalites-de-consultation-de-larchitecte-des-batiments-de-france\\\/#breadcrumb\",\"itemListElement\":[{\"@type\":\"ListItem\",\"position\":1,\"name\":\"Accueil\",\"item\":\"https:\\\/\\\/avocat-grezillier.fr\\\/\"},{\"@type\":\"ListItem\",\"position\":2,\"name\":\"Arr\u00eat\u00e9 de p\u00e9ril ordinaire : modalit\u00e9s de consultation de l\u2019architecte des b\u00e2timents de France\"}]},{\"@type\":\"WebSite\",\"@id\":\"https:\\\/\\\/avocat-grezillier.fr\\\/#website\",\"url\":\"https:\\\/\\\/avocat-grezillier.fr\\\/\",\"name\":\"Alice Gr\u00e9zillier\",\"description\":\"Avocat\",\"publisher\":{\"@id\":\"https:\\\/\\\/avocat-grezillier.fr\\\/#organization\"},\"potentialAction\":[{\"@type\":\"SearchAction\",\"target\":{\"@type\":\"EntryPoint\",\"urlTemplate\":\"https:\\\/\\\/avocat-grezillier.fr\\\/?s={search_term_string}\"},\"query-input\":{\"@type\":\"PropertyValueSpecification\",\"valueRequired\":true,\"valueName\":\"search_term_string\"}}],\"inLanguage\":\"fr-FR\"},{\"@type\":\"Organization\",\"@id\":\"https:\\\/\\\/avocat-grezillier.fr\\\/#organization\",\"name\":\"Alice Gr\u00e9zillier\",\"url\":\"https:\\\/\\\/avocat-grezillier.fr\\\/\",\"logo\":{\"@type\":\"ImageObject\",\"inLanguage\":\"fr-FR\",\"@id\":\"https:\\\/\\\/avocat-grezillier.fr\\\/#\\\/schema\\\/logo\\\/image\\\/\",\"url\":\"https:\\\/\\\/avocat-grezillier.fr\\\/wp-content\\\/uploads\\\/2023\\\/02\\\/Logo_1_Alice_Grezillier_-3-removebg-preview.png\",\"contentUrl\":\"https:\\\/\\\/avocat-grezillier.fr\\\/wp-content\\\/uploads\\\/2023\\\/02\\\/Logo_1_Alice_Grezillier_-3-removebg-preview.png\",\"width\":500,\"height\":500,\"caption\":\"Alice Gr\u00e9zillier\"},\"image\":{\"@id\":\"https:\\\/\\\/avocat-grezillier.fr\\\/#\\\/schema\\\/logo\\\/image\\\/\"}},{\"@type\":\"Person\",\"@id\":\"https:\\\/\\\/avocat-grezillier.fr\\\/#\\\/schema\\\/person\\\/e9c9933d6fa727751ee378458f7bff3d\",\"name\":\"Avocat Grezillier\",\"image\":{\"@type\":\"ImageObject\",\"inLanguage\":\"fr-FR\",\"@id\":\"https:\\\/\\\/secure.gravatar.com\\\/avatar\\\/745cbf5b28313292d52c374240b25255a8ad0b0f9dcbcf9eff30f86a7f09a5ae?s=96&d=mm&r=g\",\"url\":\"https:\\\/\\\/secure.gravatar.com\\\/avatar\\\/745cbf5b28313292d52c374240b25255a8ad0b0f9dcbcf9eff30f86a7f09a5ae?s=96&d=mm&r=g\",\"contentUrl\":\"https:\\\/\\\/secure.gravatar.com\\\/avatar\\\/745cbf5b28313292d52c374240b25255a8ad0b0f9dcbcf9eff30f86a7f09a5ae?s=96&d=mm&r=g\",\"caption\":\"Avocat Grezillier\"},\"url\":\"https:\\\/\\\/avocat-grezillier.fr\\\/author\\\/avocat-grezillier\\\/\"}]}<\/script>\n<!-- \/ Yoast SEO plugin. -->","yoast_head_json":{"title":"Arr\u00eat\u00e9 de p\u00e9ril ordinaire : modalit\u00e9s de consultation de l\u2019architecte des b\u00e2timents de France - Alice Gr\u00e9zillier","robots":{"index":"index","follow":"follow","max-snippet":"max-snippet:-1","max-image-preview":"max-image-preview:large","max-video-preview":"max-video-preview:-1"},"canonical":"https:\/\/avocat-grezillier.fr\/index.php\/2023\/03\/30\/arrete-de-peril-ordinaire-modalites-de-consultation-de-larchitecte-des-batiments-de-france\/","og_locale":"fr_FR","og_type":"article","og_title":"Arr\u00eat\u00e9 de p\u00e9ril ordinaire : modalit\u00e9s de consultation de l\u2019architecte des b\u00e2timents de France - Alice Gr\u00e9zillier","og_description":"L\u2019article R. 511-2 du code de la construction et de l\u2019habitation pr\u00e9voit qu\u2019\u00ab&nbsp;Avant d&rsquo;ordonner la r\u00e9paration ou la d\u00e9molition d&rsquo;un immeuble mena\u00e7ant ruine en application de l&rsquo;article L. 511-2, le maire sollicite l&rsquo;avis de l&rsquo;architecte des B\u00e2timents de France dans les cas o\u00f9 cet immeuble est : \/ 1\u00b0 Soit inscrit au titre des monuments [&hellip;]","og_url":"https:\/\/avocat-grezillier.fr\/index.php\/2023\/03\/30\/arrete-de-peril-ordinaire-modalites-de-consultation-de-larchitecte-des-batiments-de-france\/","og_site_name":"Alice Gr\u00e9zillier","article_published_time":"2023-03-30T09:03:51+00:00","og_image":[{"url":"https:\/\/avocat-grezillier.fr\/wp-content\/uploads\/2023\/03\/b9cb6d_52b72ed046804c78a463b90a9a92bc6dmv2.png.webp","type":"","width":"","height":""}],"author":"Avocat Grezillier","twitter_card":"summary_large_image","twitter_misc":{"\u00c9crit par":"Avocat Grezillier","Dur\u00e9e de lecture estim\u00e9e":"2 minutes"},"schema":{"@context":"https:\/\/schema.org","@graph":[{"@type":"Article","@id":"https:\/\/avocat-grezillier.fr\/index.php\/2023\/03\/30\/arrete-de-peril-ordinaire-modalites-de-consultation-de-larchitecte-des-batiments-de-france\/#article","isPartOf":{"@id":"https:\/\/avocat-grezillier.fr\/index.php\/2023\/03\/30\/arrete-de-peril-ordinaire-modalites-de-consultation-de-larchitecte-des-batiments-de-france\/"},"author":{"name":"Avocat Grezillier","@id":"https:\/\/avocat-grezillier.fr\/#\/schema\/person\/e9c9933d6fa727751ee378458f7bff3d"},"headline":"Arr\u00eat\u00e9 de p\u00e9ril ordinaire : modalit\u00e9s de consultation de l\u2019architecte des b\u00e2timents de France","datePublished":"2023-03-30T09:03:51+00:00","mainEntityOfPage":{"@id":"https:\/\/avocat-grezillier.fr\/index.php\/2023\/03\/30\/arrete-de-peril-ordinaire-modalites-de-consultation-de-larchitecte-des-batiments-de-france\/"},"wordCount":510,"commentCount":0,"publisher":{"@id":"https:\/\/avocat-grezillier.fr\/#organization"},"image":{"@id":"https:\/\/avocat-grezillier.fr\/index.php\/2023\/03\/30\/arrete-de-peril-ordinaire-modalites-de-consultation-de-larchitecte-des-batiments-de-france\/#primaryimage"},"thumbnailUrl":"https:\/\/avocat-grezillier.fr\/wp-content\/uploads\/2023\/03\/b9cb6d_52b72ed046804c78a463b90a9a92bc6dmv2.png.webp","articleSection":["Uncategorized"],"inLanguage":"fr-FR","potentialAction":[{"@type":"CommentAction","name":"Comment","target":["https:\/\/avocat-grezillier.fr\/index.php\/2023\/03\/30\/arrete-de-peril-ordinaire-modalites-de-consultation-de-larchitecte-des-batiments-de-france\/#respond"]}]},{"@type":"WebPage","@id":"https:\/\/avocat-grezillier.fr\/index.php\/2023\/03\/30\/arrete-de-peril-ordinaire-modalites-de-consultation-de-larchitecte-des-batiments-de-france\/","url":"https:\/\/avocat-grezillier.fr\/index.php\/2023\/03\/30\/arrete-de-peril-ordinaire-modalites-de-consultation-de-larchitecte-des-batiments-de-france\/","name":"Arr\u00eat\u00e9 de p\u00e9ril ordinaire : modalit\u00e9s de consultation de l\u2019architecte des b\u00e2timents de France - Alice Gr\u00e9zillier","isPartOf":{"@id":"https:\/\/avocat-grezillier.fr\/#website"},"primaryImageOfPage":{"@id":"https:\/\/avocat-grezillier.fr\/index.php\/2023\/03\/30\/arrete-de-peril-ordinaire-modalites-de-consultation-de-larchitecte-des-batiments-de-france\/#primaryimage"},"image":{"@id":"https:\/\/avocat-grezillier.fr\/index.php\/2023\/03\/30\/arrete-de-peril-ordinaire-modalites-de-consultation-de-larchitecte-des-batiments-de-france\/#primaryimage"},"thumbnailUrl":"https:\/\/avocat-grezillier.fr\/wp-content\/uploads\/2023\/03\/b9cb6d_52b72ed046804c78a463b90a9a92bc6dmv2.png.webp","datePublished":"2023-03-30T09:03:51+00:00","breadcrumb":{"@id":"https:\/\/avocat-grezillier.fr\/index.php\/2023\/03\/30\/arrete-de-peril-ordinaire-modalites-de-consultation-de-larchitecte-des-batiments-de-france\/#breadcrumb"},"inLanguage":"fr-FR","potentialAction":[{"@type":"ReadAction","target":["https:\/\/avocat-grezillier.fr\/index.php\/2023\/03\/30\/arrete-de-peril-ordinaire-modalites-de-consultation-de-larchitecte-des-batiments-de-france\/"]}]},{"@type":"ImageObject","inLanguage":"fr-FR","@id":"https:\/\/avocat-grezillier.fr\/index.php\/2023\/03\/30\/arrete-de-peril-ordinaire-modalites-de-consultation-de-larchitecte-des-batiments-de-france\/#primaryimage","url":"https:\/\/avocat-grezillier.fr\/wp-content\/uploads\/2023\/03\/b9cb6d_52b72ed046804c78a463b90a9a92bc6dmv2.png.webp","contentUrl":"https:\/\/avocat-grezillier.fr\/wp-content\/uploads\/2023\/03\/b9cb6d_52b72ed046804c78a463b90a9a92bc6dmv2.png.webp","width":490,"height":462},{"@type":"BreadcrumbList","@id":"https:\/\/avocat-grezillier.fr\/index.php\/2023\/03\/30\/arrete-de-peril-ordinaire-modalites-de-consultation-de-larchitecte-des-batiments-de-france\/#breadcrumb","itemListElement":[{"@type":"ListItem","position":1,"name":"Accueil","item":"https:\/\/avocat-grezillier.fr\/"},{"@type":"ListItem","position":2,"name":"Arr\u00eat\u00e9 de p\u00e9ril ordinaire : modalit\u00e9s de consultation de l\u2019architecte des b\u00e2timents de France"}]},{"@type":"WebSite","@id":"https:\/\/avocat-grezillier.fr\/#website","url":"https:\/\/avocat-grezillier.fr\/","name":"Alice Gr\u00e9zillier","description":"Avocat","publisher":{"@id":"https:\/\/avocat-grezillier.fr\/#organization"},"potentialAction":[{"@type":"SearchAction","target":{"@type":"EntryPoint","urlTemplate":"https:\/\/avocat-grezillier.fr\/?s={search_term_string}"},"query-input":{"@type":"PropertyValueSpecification","valueRequired":true,"valueName":"search_term_string"}}],"inLanguage":"fr-FR"},{"@type":"Organization","@id":"https:\/\/avocat-grezillier.fr\/#organization","name":"Alice Gr\u00e9zillier","url":"https:\/\/avocat-grezillier.fr\/","logo":{"@type":"ImageObject","inLanguage":"fr-FR","@id":"https:\/\/avocat-grezillier.fr\/#\/schema\/logo\/image\/","url":"https:\/\/avocat-grezillier.fr\/wp-content\/uploads\/2023\/02\/Logo_1_Alice_Grezillier_-3-removebg-preview.png","contentUrl":"https:\/\/avocat-grezillier.fr\/wp-content\/uploads\/2023\/02\/Logo_1_Alice_Grezillier_-3-removebg-preview.png","width":500,"height":500,"caption":"Alice Gr\u00e9zillier"},"image":{"@id":"https:\/\/avocat-grezillier.fr\/#\/schema\/logo\/image\/"}},{"@type":"Person","@id":"https:\/\/avocat-grezillier.fr\/#\/schema\/person\/e9c9933d6fa727751ee378458f7bff3d","name":"Avocat Grezillier","image":{"@type":"ImageObject","inLanguage":"fr-FR","@id":"https:\/\/secure.gravatar.com\/avatar\/745cbf5b28313292d52c374240b25255a8ad0b0f9dcbcf9eff30f86a7f09a5ae?s=96&d=mm&r=g","url":"https:\/\/secure.gravatar.com\/avatar\/745cbf5b28313292d52c374240b25255a8ad0b0f9dcbcf9eff30f86a7f09a5ae?s=96&d=mm&r=g","contentUrl":"https:\/\/secure.gravatar.com\/avatar\/745cbf5b28313292d52c374240b25255a8ad0b0f9dcbcf9eff30f86a7f09a5ae?s=96&d=mm&r=g","caption":"Avocat Grezillier"},"url":"https:\/\/avocat-grezillier.fr\/author\/avocat-grezillier\/"}]}},"jetpack_featured_media_url":"","jetpack_sharing_enabled":true,"_links":{"self":[{"href":"https:\/\/avocat-grezillier.fr\/index.php\/wp-json\/wp\/v2\/posts\/535","targetHints":{"allow":["GET"]}}],"collection":[{"href":"https:\/\/avocat-grezillier.fr\/index.php\/wp-json\/wp\/v2\/posts"}],"about":[{"href":"https:\/\/avocat-grezillier.fr\/index.php\/wp-json\/wp\/v2\/types\/post"}],"author":[{"embeddable":true,"href":"https:\/\/avocat-grezillier.fr\/index.php\/wp-json\/wp\/v2\/users\/2"}],"replies":[{"embeddable":true,"href":"https:\/\/avocat-grezillier.fr\/index.php\/wp-json\/wp\/v2\/comments?post=535"}],"version-history":[{"count":1,"href":"https:\/\/avocat-grezillier.fr\/index.php\/wp-json\/wp\/v2\/posts\/535\/revisions"}],"predecessor-version":[{"id":537,"href":"https:\/\/avocat-grezillier.fr\/index.php\/wp-json\/wp\/v2\/posts\/535\/revisions\/537"}],"wp:attachment":[{"href":"https:\/\/avocat-grezillier.fr\/index.php\/wp-json\/wp\/v2\/media?parent=535"}],"wp:term":[{"taxonomy":"category","embeddable":true,"href":"https:\/\/avocat-grezillier.fr\/index.php\/wp-json\/wp\/v2\/categories?post=535"},{"taxonomy":"post_tag","embeddable":true,"href":"https:\/\/avocat-grezillier.fr\/index.php\/wp-json\/wp\/v2\/tags?post=535"}],"curies":[{"name":"wp","href":"https:\/\/api.w.org\/{rel}","templated":true}]}}