{"id":529,"date":"2023-03-30T08:57:02","date_gmt":"2023-03-30T08:57:02","guid":{"rendered":"https:\/\/avocat-grezillier.fr\/?p=529"},"modified":"2023-03-30T08:57:02","modified_gmt":"2023-03-30T08:57:02","slug":"de-la-periodicite-en-matiere-de-collecte-des-ordures-menageres-en-charente-maritime","status":"publish","type":"post","link":"https:\/\/avocat-grezillier.fr\/index.php\/2023\/03\/30\/de-la-periodicite-en-matiere-de-collecte-des-ordures-menageres-en-charente-maritime\/","title":{"rendered":"De la p\u00e9riodicit\u00e9 en mati\u00e8re de collecte des ordures m\u00e9nag\u00e8res en Charente-Maritime"},"content":{"rendered":"\n<p id=\"viewer-foo\">A quelle fr\u00e9quence doivent \u00eatre collect\u00e9es les ordures m\u00e9nag\u00e8res en Charente-Maritime? Le point sur la r\u00e8glementation applicable en la mati\u00e8re.<\/p>\n\n\n\n<p id=\"viewer-fon06\">Aux termes du I de l\u2019article R. 2224-24 du code g\u00e9n\u00e9ral des collectivit\u00e9s territoriales, \u00ab&nbsp;<em>Dans les zones agglom\u00e9r\u00e9es groupant plus de 2 000 habitants permanents, qu&rsquo;elles soient comprises dans une ou plusieurs communes,&nbsp;<strong><u>les ordures m\u00e9nag\u00e8res r\u00e9siduelles sont collect\u00e9es au moins une fois par semaine en porte \u00e0 porte<\/u><\/strong><\/em>&nbsp;\u00bb, \u00e9tant pr\u00e9cis\u00e9 que l\u2019article R. 2224-23 du m\u00eame code d\u00e9finit :<\/p>\n\n\n\n<p id=\"viewer-8fe8l\">&#8211; les \u00ab ordures m\u00e9nag\u00e8res r\u00e9siduelles \u00bb comme \u00ab&nbsp;<em>les d\u00e9chets m\u00e9nagers et les d\u00e9chets assimil\u00e9s collect\u00e9s en m\u00e9lange<\/em>&nbsp;\u00bb,<\/p>\n\n\n\n<p id=\"viewer-6trco\">et<\/p>\n\n\n\n<p id=\"viewer-5cntl\">&#8211; la \u00ab zone agglom\u00e9r\u00e9e \u00bb comme \u00ab&nbsp;<em>toute zone au tissu b\u00e2ti continu ne pr\u00e9sentant pas de coupure de plus de 200 m\u00e8tres entre deux constructions<\/em>&nbsp;\u00bb.<\/p>\n\n\n\n<p id=\"viewer-f09i7\">Il r\u00e9sulte de ce qui pr\u00e9c\u00e8de que dans les zones agglom\u00e9r\u00e9es (<em>i. e.<\/em>&nbsp;sans coupure de plus de 200 m\u00e8tres entre deux constructions) de plus de 2 000 habitants, les ordures m\u00e9nag\u00e8res doivent \u00eatre collect\u00e9es suivant une p\u00e9riodicit\u00e9 au moins&nbsp;<strong><u>hebdomadaire<\/u><\/strong>.<\/p>\n\n\n\n<p id=\"viewer-4o5ju\">De sorte qu\u2019une collecte effectu\u00e9e une fois toutes les deux semaines seulement serait contraire \u00e0 la r\u00e8glementation applicable.<\/p>\n\n\n\n<p id=\"viewer-a67q3\">La r\u00e8glementation d\u00e9partementale reprend le principe ci-dessus.<\/p>\n\n\n\n<p id=\"viewer-9qhj9\">Ainsi l\u2019article 81 du r\u00e8glement sanitaire d\u00e9partemental de la Charente-Maritime dispose-t-il que \u00ab&nbsp;<em>Les modalit\u00e9s r\u00e9glant les conditions de la collecte des ordures m\u00e9nag\u00e8res et celles de la collecte s\u00e9lective des mat\u00e9riaux de r\u00e9cup\u00e9ration, notamment la fr\u00e9quence, l&rsquo;horaire, les r\u00e9cipients utilis\u00e9s, sont d\u00e9finis par arr\u00eat\u00e9s municipaux pris en application du pr\u00e9sent r\u00e8glement et sous la surveillance de l&rsquo;autorit\u00e9 sanitaire. \/&nbsp;<strong><u>La fr\u00e9quence de la collecte des d\u00e9chets fermentescibles doit \u00eatre au moins hebdomadaire<\/u><\/strong>.<\/em>&nbsp;\u00bb.<\/p>\n\n\n\n<p id=\"viewer-7877f\">Au niveau local, le r\u00e8glement du service politique des d\u00e9chets 2017 de la communaut\u00e9 d\u2019agglom\u00e9ration de Saintes pr\u00e9voit en son article 4.3 que \u00ab&nbsp;<em>(\u2026) La collecte des ordures m\u00e9nag\u00e8res r\u00e9siduelles est au minimum hebdomadaire.<\/em>&nbsp;\u00bb.<\/p>\n\n\n\n<p id=\"viewer-2cso7\">En pratique, dans l\u2019hypoth\u00e8se o\u00f9 la fr\u00e9quence de collecte des d\u00e9chets m\u00e9nagers ne serait pas hebdomadaire, il serait possible de faire une demande administrative pr\u00e9alable aupr\u00e8s de l\u2019autorit\u00e9 comp\u00e9tente en la mati\u00e8re en sollicitant la mise en conformit\u00e9 de la fr\u00e9quence de la collecte. Dans l\u2019hypoth\u00e8se o\u00f9 un refus (explicite ou implicite en cas de silence gard\u00e9 pendant deux mois) serait oppos\u00e9 \u00e0 ladite demande, il serait possible de le contester devant le juge administratif.<\/p>\n\n\n\n<p id=\"viewer-67gmj\">Pour de plus amples informations, n&rsquo;h\u00e9sitez pas \u00e0 me contacter au 06 66 64 34 83.<\/p>\n\n\n\n<p><\/p>\n\n\n\n<figure class=\"wp-block-image size-full\"><img fetchpriority=\"high\" decoding=\"async\" width=\"350\" height=\"350\" src=\"https:\/\/avocat-grezillier.fr\/wp-content\/uploads\/2023\/03\/b9cb6d_61fc393cd9b4452dbadeaf13df0022eemv2.png\" alt=\"\" class=\"wp-image-530\" srcset=\"https:\/\/avocat-grezillier.fr\/wp-content\/uploads\/2023\/03\/b9cb6d_61fc393cd9b4452dbadeaf13df0022eemv2.png 350w, https:\/\/avocat-grezillier.fr\/wp-content\/uploads\/2023\/03\/b9cb6d_61fc393cd9b4452dbadeaf13df0022eemv2-300x300.png 300w, https:\/\/avocat-grezillier.fr\/wp-content\/uploads\/2023\/03\/b9cb6d_61fc393cd9b4452dbadeaf13df0022eemv2-150x150.png 150w\" sizes=\"(max-width: 350px) 100vw, 350px\" \/><\/figure>\n","protected":false},"excerpt":{"rendered":"<p>A quelle fr\u00e9quence doivent \u00eatre collect\u00e9es les ordures m\u00e9nag\u00e8res en Charente-Maritime? Le point sur la r\u00e8glementation applicable en la mati\u00e8re. Aux termes du I de l\u2019article R. 2224-24 du code g\u00e9n\u00e9ral des collectivit\u00e9s territoriales, \u00ab&nbsp;Dans les zones agglom\u00e9r\u00e9es groupant plus de 2 000 habitants permanents, qu&rsquo;elles soient comprises dans une ou plusieurs communes,&nbsp;les ordures m\u00e9nag\u00e8res [&hellip;]<\/p>\n","protected":false},"author":2,"featured_media":0,"comment_status":"open","ping_status":"open","sticky":false,"template":"","format":"standard","meta":{"_jetpack_memberships_contains_paid_content":false,"footnotes":""},"categories":[1],"tags":[],"class_list":["post-529","post","type-post","status-publish","format-standard","hentry","category-uncategorized"],"yoast_head":"<!-- This site is optimized with the Yoast SEO plugin v27.5 - https:\/\/yoast.com\/product\/yoast-seo-wordpress\/ -->\n<title>De la p\u00e9riodicit\u00e9 en mati\u00e8re de collecte des ordures m\u00e9nag\u00e8res en Charente-Maritime - Alice Gr\u00e9zillier<\/title>\n<meta name=\"robots\" content=\"index, follow, max-snippet:-1, max-image-preview:large, max-video-preview:-1\" \/>\n<link rel=\"canonical\" href=\"https:\/\/avocat-grezillier.fr\/index.php\/2023\/03\/30\/de-la-periodicite-en-matiere-de-collecte-des-ordures-menageres-en-charente-maritime\/\" \/>\n<meta property=\"og:locale\" content=\"fr_FR\" \/>\n<meta property=\"og:type\" content=\"article\" \/>\n<meta property=\"og:title\" content=\"De la p\u00e9riodicit\u00e9 en mati\u00e8re de collecte des ordures m\u00e9nag\u00e8res en Charente-Maritime - Alice Gr\u00e9zillier\" \/>\n<meta property=\"og:description\" content=\"A quelle fr\u00e9quence doivent \u00eatre collect\u00e9es les ordures m\u00e9nag\u00e8res en Charente-Maritime? Le point sur la r\u00e8glementation applicable en la mati\u00e8re. Aux termes du I de l\u2019article R. 2224-24 du code g\u00e9n\u00e9ral des collectivit\u00e9s territoriales, \u00ab&nbsp;Dans les zones agglom\u00e9r\u00e9es groupant plus de 2 000 habitants permanents, qu&rsquo;elles soient comprises dans une ou plusieurs communes,&nbsp;les ordures m\u00e9nag\u00e8res [&hellip;]\" \/>\n<meta property=\"og:url\" content=\"https:\/\/avocat-grezillier.fr\/index.php\/2023\/03\/30\/de-la-periodicite-en-matiere-de-collecte-des-ordures-menageres-en-charente-maritime\/\" \/>\n<meta property=\"og:site_name\" content=\"Alice Gr\u00e9zillier\" \/>\n<meta property=\"article:published_time\" content=\"2023-03-30T08:57:02+00:00\" \/>\n<meta property=\"og:image\" content=\"https:\/\/avocat-grezillier.fr\/wp-content\/uploads\/2023\/03\/b9cb6d_61fc393cd9b4452dbadeaf13df0022eemv2.png\" \/>\n<meta name=\"author\" content=\"Avocat Grezillier\" \/>\n<meta name=\"twitter:card\" content=\"summary_large_image\" \/>\n<meta name=\"twitter:label1\" content=\"\u00c9crit par\" \/>\n\t<meta name=\"twitter:data1\" content=\"Avocat Grezillier\" \/>\n\t<meta name=\"twitter:label2\" content=\"Dur\u00e9e de lecture estim\u00e9e\" \/>\n\t<meta name=\"twitter:data2\" content=\"2 minutes\" \/>\n<script type=\"application\/ld+json\" class=\"yoast-schema-graph\">{\"@context\":\"https:\\\/\\\/schema.org\",\"@graph\":[{\"@type\":\"Article\",\"@id\":\"https:\\\/\\\/avocat-grezillier.fr\\\/index.php\\\/2023\\\/03\\\/30\\\/de-la-periodicite-en-matiere-de-collecte-des-ordures-menageres-en-charente-maritime\\\/#article\",\"isPartOf\":{\"@id\":\"https:\\\/\\\/avocat-grezillier.fr\\\/index.php\\\/2023\\\/03\\\/30\\\/de-la-periodicite-en-matiere-de-collecte-des-ordures-menageres-en-charente-maritime\\\/\"},\"author\":{\"name\":\"Avocat Grezillier\",\"@id\":\"https:\\\/\\\/avocat-grezillier.fr\\\/#\\\/schema\\\/person\\\/e9c9933d6fa727751ee378458f7bff3d\"},\"headline\":\"De la p\u00e9riodicit\u00e9 en mati\u00e8re de collecte des ordures m\u00e9nag\u00e8res en Charente-Maritime\",\"datePublished\":\"2023-03-30T08:57:02+00:00\",\"mainEntityOfPage\":{\"@id\":\"https:\\\/\\\/avocat-grezillier.fr\\\/index.php\\\/2023\\\/03\\\/30\\\/de-la-periodicite-en-matiere-de-collecte-des-ordures-menageres-en-charente-maritime\\\/\"},\"wordCount\":485,\"commentCount\":0,\"publisher\":{\"@id\":\"https:\\\/\\\/avocat-grezillier.fr\\\/#organization\"},\"image\":{\"@id\":\"https:\\\/\\\/avocat-grezillier.fr\\\/index.php\\\/2023\\\/03\\\/30\\\/de-la-periodicite-en-matiere-de-collecte-des-ordures-menageres-en-charente-maritime\\\/#primaryimage\"},\"thumbnailUrl\":\"https:\\\/\\\/avocat-grezillier.fr\\\/wp-content\\\/uploads\\\/2023\\\/03\\\/b9cb6d_61fc393cd9b4452dbadeaf13df0022eemv2.png\",\"articleSection\":[\"Uncategorized\"],\"inLanguage\":\"fr-FR\",\"potentialAction\":[{\"@type\":\"CommentAction\",\"name\":\"Comment\",\"target\":[\"https:\\\/\\\/avocat-grezillier.fr\\\/index.php\\\/2023\\\/03\\\/30\\\/de-la-periodicite-en-matiere-de-collecte-des-ordures-menageres-en-charente-maritime\\\/#respond\"]}]},{\"@type\":\"WebPage\",\"@id\":\"https:\\\/\\\/avocat-grezillier.fr\\\/index.php\\\/2023\\\/03\\\/30\\\/de-la-periodicite-en-matiere-de-collecte-des-ordures-menageres-en-charente-maritime\\\/\",\"url\":\"https:\\\/\\\/avocat-grezillier.fr\\\/index.php\\\/2023\\\/03\\\/30\\\/de-la-periodicite-en-matiere-de-collecte-des-ordures-menageres-en-charente-maritime\\\/\",\"name\":\"De la p\u00e9riodicit\u00e9 en mati\u00e8re de collecte des ordures m\u00e9nag\u00e8res en Charente-Maritime - Alice Gr\u00e9zillier\",\"isPartOf\":{\"@id\":\"https:\\\/\\\/avocat-grezillier.fr\\\/#website\"},\"primaryImageOfPage\":{\"@id\":\"https:\\\/\\\/avocat-grezillier.fr\\\/index.php\\\/2023\\\/03\\\/30\\\/de-la-periodicite-en-matiere-de-collecte-des-ordures-menageres-en-charente-maritime\\\/#primaryimage\"},\"image\":{\"@id\":\"https:\\\/\\\/avocat-grezillier.fr\\\/index.php\\\/2023\\\/03\\\/30\\\/de-la-periodicite-en-matiere-de-collecte-des-ordures-menageres-en-charente-maritime\\\/#primaryimage\"},\"thumbnailUrl\":\"https:\\\/\\\/avocat-grezillier.fr\\\/wp-content\\\/uploads\\\/2023\\\/03\\\/b9cb6d_61fc393cd9b4452dbadeaf13df0022eemv2.png\",\"datePublished\":\"2023-03-30T08:57:02+00:00\",\"breadcrumb\":{\"@id\":\"https:\\\/\\\/avocat-grezillier.fr\\\/index.php\\\/2023\\\/03\\\/30\\\/de-la-periodicite-en-matiere-de-collecte-des-ordures-menageres-en-charente-maritime\\\/#breadcrumb\"},\"inLanguage\":\"fr-FR\",\"potentialAction\":[{\"@type\":\"ReadAction\",\"target\":[\"https:\\\/\\\/avocat-grezillier.fr\\\/index.php\\\/2023\\\/03\\\/30\\\/de-la-periodicite-en-matiere-de-collecte-des-ordures-menageres-en-charente-maritime\\\/\"]}]},{\"@type\":\"ImageObject\",\"inLanguage\":\"fr-FR\",\"@id\":\"https:\\\/\\\/avocat-grezillier.fr\\\/index.php\\\/2023\\\/03\\\/30\\\/de-la-periodicite-en-matiere-de-collecte-des-ordures-menageres-en-charente-maritime\\\/#primaryimage\",\"url\":\"https:\\\/\\\/avocat-grezillier.fr\\\/wp-content\\\/uploads\\\/2023\\\/03\\\/b9cb6d_61fc393cd9b4452dbadeaf13df0022eemv2.png\",\"contentUrl\":\"https:\\\/\\\/avocat-grezillier.fr\\\/wp-content\\\/uploads\\\/2023\\\/03\\\/b9cb6d_61fc393cd9b4452dbadeaf13df0022eemv2.png\",\"width\":350,\"height\":350},{\"@type\":\"BreadcrumbList\",\"@id\":\"https:\\\/\\\/avocat-grezillier.fr\\\/index.php\\\/2023\\\/03\\\/30\\\/de-la-periodicite-en-matiere-de-collecte-des-ordures-menageres-en-charente-maritime\\\/#breadcrumb\",\"itemListElement\":[{\"@type\":\"ListItem\",\"position\":1,\"name\":\"Accueil\",\"item\":\"https:\\\/\\\/avocat-grezillier.fr\\\/\"},{\"@type\":\"ListItem\",\"position\":2,\"name\":\"De la p\u00e9riodicit\u00e9 en mati\u00e8re de collecte des ordures m\u00e9nag\u00e8res en Charente-Maritime\"}]},{\"@type\":\"WebSite\",\"@id\":\"https:\\\/\\\/avocat-grezillier.fr\\\/#website\",\"url\":\"https:\\\/\\\/avocat-grezillier.fr\\\/\",\"name\":\"Alice Gr\u00e9zillier\",\"description\":\"Avocat\",\"publisher\":{\"@id\":\"https:\\\/\\\/avocat-grezillier.fr\\\/#organization\"},\"potentialAction\":[{\"@type\":\"SearchAction\",\"target\":{\"@type\":\"EntryPoint\",\"urlTemplate\":\"https:\\\/\\\/avocat-grezillier.fr\\\/?s={search_term_string}\"},\"query-input\":{\"@type\":\"PropertyValueSpecification\",\"valueRequired\":true,\"valueName\":\"search_term_string\"}}],\"inLanguage\":\"fr-FR\"},{\"@type\":\"Organization\",\"@id\":\"https:\\\/\\\/avocat-grezillier.fr\\\/#organization\",\"name\":\"Alice Gr\u00e9zillier\",\"url\":\"https:\\\/\\\/avocat-grezillier.fr\\\/\",\"logo\":{\"@type\":\"ImageObject\",\"inLanguage\":\"fr-FR\",\"@id\":\"https:\\\/\\\/avocat-grezillier.fr\\\/#\\\/schema\\\/logo\\\/image\\\/\",\"url\":\"https:\\\/\\\/avocat-grezillier.fr\\\/wp-content\\\/uploads\\\/2023\\\/02\\\/Logo_1_Alice_Grezillier_-3-removebg-preview.png\",\"contentUrl\":\"https:\\\/\\\/avocat-grezillier.fr\\\/wp-content\\\/uploads\\\/2023\\\/02\\\/Logo_1_Alice_Grezillier_-3-removebg-preview.png\",\"width\":500,\"height\":500,\"caption\":\"Alice Gr\u00e9zillier\"},\"image\":{\"@id\":\"https:\\\/\\\/avocat-grezillier.fr\\\/#\\\/schema\\\/logo\\\/image\\\/\"}},{\"@type\":\"Person\",\"@id\":\"https:\\\/\\\/avocat-grezillier.fr\\\/#\\\/schema\\\/person\\\/e9c9933d6fa727751ee378458f7bff3d\",\"name\":\"Avocat Grezillier\",\"image\":{\"@type\":\"ImageObject\",\"inLanguage\":\"fr-FR\",\"@id\":\"https:\\\/\\\/secure.gravatar.com\\\/avatar\\\/745cbf5b28313292d52c374240b25255a8ad0b0f9dcbcf9eff30f86a7f09a5ae?s=96&d=mm&r=g\",\"url\":\"https:\\\/\\\/secure.gravatar.com\\\/avatar\\\/745cbf5b28313292d52c374240b25255a8ad0b0f9dcbcf9eff30f86a7f09a5ae?s=96&d=mm&r=g\",\"contentUrl\":\"https:\\\/\\\/secure.gravatar.com\\\/avatar\\\/745cbf5b28313292d52c374240b25255a8ad0b0f9dcbcf9eff30f86a7f09a5ae?s=96&d=mm&r=g\",\"caption\":\"Avocat Grezillier\"},\"url\":\"https:\\\/\\\/avocat-grezillier.fr\\\/author\\\/avocat-grezillier\\\/\"}]}<\/script>\n<!-- \/ Yoast SEO plugin. -->","yoast_head_json":{"title":"De la p\u00e9riodicit\u00e9 en mati\u00e8re de collecte des ordures m\u00e9nag\u00e8res en Charente-Maritime - Alice Gr\u00e9zillier","robots":{"index":"index","follow":"follow","max-snippet":"max-snippet:-1","max-image-preview":"max-image-preview:large","max-video-preview":"max-video-preview:-1"},"canonical":"https:\/\/avocat-grezillier.fr\/index.php\/2023\/03\/30\/de-la-periodicite-en-matiere-de-collecte-des-ordures-menageres-en-charente-maritime\/","og_locale":"fr_FR","og_type":"article","og_title":"De la p\u00e9riodicit\u00e9 en mati\u00e8re de collecte des ordures m\u00e9nag\u00e8res en Charente-Maritime - Alice Gr\u00e9zillier","og_description":"A quelle fr\u00e9quence doivent \u00eatre collect\u00e9es les ordures m\u00e9nag\u00e8res en Charente-Maritime? Le point sur la r\u00e8glementation applicable en la mati\u00e8re. Aux termes du I de l\u2019article R. 2224-24 du code g\u00e9n\u00e9ral des collectivit\u00e9s territoriales, \u00ab&nbsp;Dans les zones agglom\u00e9r\u00e9es groupant plus de 2 000 habitants permanents, qu&rsquo;elles soient comprises dans une ou plusieurs communes,&nbsp;les ordures m\u00e9nag\u00e8res [&hellip;]","og_url":"https:\/\/avocat-grezillier.fr\/index.php\/2023\/03\/30\/de-la-periodicite-en-matiere-de-collecte-des-ordures-menageres-en-charente-maritime\/","og_site_name":"Alice Gr\u00e9zillier","article_published_time":"2023-03-30T08:57:02+00:00","og_image":[{"url":"https:\/\/avocat-grezillier.fr\/wp-content\/uploads\/2023\/03\/b9cb6d_61fc393cd9b4452dbadeaf13df0022eemv2.png","type":"","width":"","height":""}],"author":"Avocat Grezillier","twitter_card":"summary_large_image","twitter_misc":{"\u00c9crit par":"Avocat Grezillier","Dur\u00e9e de lecture estim\u00e9e":"2 minutes"},"schema":{"@context":"https:\/\/schema.org","@graph":[{"@type":"Article","@id":"https:\/\/avocat-grezillier.fr\/index.php\/2023\/03\/30\/de-la-periodicite-en-matiere-de-collecte-des-ordures-menageres-en-charente-maritime\/#article","isPartOf":{"@id":"https:\/\/avocat-grezillier.fr\/index.php\/2023\/03\/30\/de-la-periodicite-en-matiere-de-collecte-des-ordures-menageres-en-charente-maritime\/"},"author":{"name":"Avocat Grezillier","@id":"https:\/\/avocat-grezillier.fr\/#\/schema\/person\/e9c9933d6fa727751ee378458f7bff3d"},"headline":"De la p\u00e9riodicit\u00e9 en mati\u00e8re de collecte des ordures m\u00e9nag\u00e8res en Charente-Maritime","datePublished":"2023-03-30T08:57:02+00:00","mainEntityOfPage":{"@id":"https:\/\/avocat-grezillier.fr\/index.php\/2023\/03\/30\/de-la-periodicite-en-matiere-de-collecte-des-ordures-menageres-en-charente-maritime\/"},"wordCount":485,"commentCount":0,"publisher":{"@id":"https:\/\/avocat-grezillier.fr\/#organization"},"image":{"@id":"https:\/\/avocat-grezillier.fr\/index.php\/2023\/03\/30\/de-la-periodicite-en-matiere-de-collecte-des-ordures-menageres-en-charente-maritime\/#primaryimage"},"thumbnailUrl":"https:\/\/avocat-grezillier.fr\/wp-content\/uploads\/2023\/03\/b9cb6d_61fc393cd9b4452dbadeaf13df0022eemv2.png","articleSection":["Uncategorized"],"inLanguage":"fr-FR","potentialAction":[{"@type":"CommentAction","name":"Comment","target":["https:\/\/avocat-grezillier.fr\/index.php\/2023\/03\/30\/de-la-periodicite-en-matiere-de-collecte-des-ordures-menageres-en-charente-maritime\/#respond"]}]},{"@type":"WebPage","@id":"https:\/\/avocat-grezillier.fr\/index.php\/2023\/03\/30\/de-la-periodicite-en-matiere-de-collecte-des-ordures-menageres-en-charente-maritime\/","url":"https:\/\/avocat-grezillier.fr\/index.php\/2023\/03\/30\/de-la-periodicite-en-matiere-de-collecte-des-ordures-menageres-en-charente-maritime\/","name":"De la p\u00e9riodicit\u00e9 en mati\u00e8re de collecte des ordures m\u00e9nag\u00e8res en Charente-Maritime - Alice Gr\u00e9zillier","isPartOf":{"@id":"https:\/\/avocat-grezillier.fr\/#website"},"primaryImageOfPage":{"@id":"https:\/\/avocat-grezillier.fr\/index.php\/2023\/03\/30\/de-la-periodicite-en-matiere-de-collecte-des-ordures-menageres-en-charente-maritime\/#primaryimage"},"image":{"@id":"https:\/\/avocat-grezillier.fr\/index.php\/2023\/03\/30\/de-la-periodicite-en-matiere-de-collecte-des-ordures-menageres-en-charente-maritime\/#primaryimage"},"thumbnailUrl":"https:\/\/avocat-grezillier.fr\/wp-content\/uploads\/2023\/03\/b9cb6d_61fc393cd9b4452dbadeaf13df0022eemv2.png","datePublished":"2023-03-30T08:57:02+00:00","breadcrumb":{"@id":"https:\/\/avocat-grezillier.fr\/index.php\/2023\/03\/30\/de-la-periodicite-en-matiere-de-collecte-des-ordures-menageres-en-charente-maritime\/#breadcrumb"},"inLanguage":"fr-FR","potentialAction":[{"@type":"ReadAction","target":["https:\/\/avocat-grezillier.fr\/index.php\/2023\/03\/30\/de-la-periodicite-en-matiere-de-collecte-des-ordures-menageres-en-charente-maritime\/"]}]},{"@type":"ImageObject","inLanguage":"fr-FR","@id":"https:\/\/avocat-grezillier.fr\/index.php\/2023\/03\/30\/de-la-periodicite-en-matiere-de-collecte-des-ordures-menageres-en-charente-maritime\/#primaryimage","url":"https:\/\/avocat-grezillier.fr\/wp-content\/uploads\/2023\/03\/b9cb6d_61fc393cd9b4452dbadeaf13df0022eemv2.png","contentUrl":"https:\/\/avocat-grezillier.fr\/wp-content\/uploads\/2023\/03\/b9cb6d_61fc393cd9b4452dbadeaf13df0022eemv2.png","width":350,"height":350},{"@type":"BreadcrumbList","@id":"https:\/\/avocat-grezillier.fr\/index.php\/2023\/03\/30\/de-la-periodicite-en-matiere-de-collecte-des-ordures-menageres-en-charente-maritime\/#breadcrumb","itemListElement":[{"@type":"ListItem","position":1,"name":"Accueil","item":"https:\/\/avocat-grezillier.fr\/"},{"@type":"ListItem","position":2,"name":"De la p\u00e9riodicit\u00e9 en mati\u00e8re de collecte des ordures m\u00e9nag\u00e8res en Charente-Maritime"}]},{"@type":"WebSite","@id":"https:\/\/avocat-grezillier.fr\/#website","url":"https:\/\/avocat-grezillier.fr\/","name":"Alice Gr\u00e9zillier","description":"Avocat","publisher":{"@id":"https:\/\/avocat-grezillier.fr\/#organization"},"potentialAction":[{"@type":"SearchAction","target":{"@type":"EntryPoint","urlTemplate":"https:\/\/avocat-grezillier.fr\/?s={search_term_string}"},"query-input":{"@type":"PropertyValueSpecification","valueRequired":true,"valueName":"search_term_string"}}],"inLanguage":"fr-FR"},{"@type":"Organization","@id":"https:\/\/avocat-grezillier.fr\/#organization","name":"Alice Gr\u00e9zillier","url":"https:\/\/avocat-grezillier.fr\/","logo":{"@type":"ImageObject","inLanguage":"fr-FR","@id":"https:\/\/avocat-grezillier.fr\/#\/schema\/logo\/image\/","url":"https:\/\/avocat-grezillier.fr\/wp-content\/uploads\/2023\/02\/Logo_1_Alice_Grezillier_-3-removebg-preview.png","contentUrl":"https:\/\/avocat-grezillier.fr\/wp-content\/uploads\/2023\/02\/Logo_1_Alice_Grezillier_-3-removebg-preview.png","width":500,"height":500,"caption":"Alice Gr\u00e9zillier"},"image":{"@id":"https:\/\/avocat-grezillier.fr\/#\/schema\/logo\/image\/"}},{"@type":"Person","@id":"https:\/\/avocat-grezillier.fr\/#\/schema\/person\/e9c9933d6fa727751ee378458f7bff3d","name":"Avocat Grezillier","image":{"@type":"ImageObject","inLanguage":"fr-FR","@id":"https:\/\/secure.gravatar.com\/avatar\/745cbf5b28313292d52c374240b25255a8ad0b0f9dcbcf9eff30f86a7f09a5ae?s=96&d=mm&r=g","url":"https:\/\/secure.gravatar.com\/avatar\/745cbf5b28313292d52c374240b25255a8ad0b0f9dcbcf9eff30f86a7f09a5ae?s=96&d=mm&r=g","contentUrl":"https:\/\/secure.gravatar.com\/avatar\/745cbf5b28313292d52c374240b25255a8ad0b0f9dcbcf9eff30f86a7f09a5ae?s=96&d=mm&r=g","caption":"Avocat Grezillier"},"url":"https:\/\/avocat-grezillier.fr\/author\/avocat-grezillier\/"}]}},"jetpack_featured_media_url":"","jetpack_sharing_enabled":true,"_links":{"self":[{"href":"https:\/\/avocat-grezillier.fr\/index.php\/wp-json\/wp\/v2\/posts\/529","targetHints":{"allow":["GET"]}}],"collection":[{"href":"https:\/\/avocat-grezillier.fr\/index.php\/wp-json\/wp\/v2\/posts"}],"about":[{"href":"https:\/\/avocat-grezillier.fr\/index.php\/wp-json\/wp\/v2\/types\/post"}],"author":[{"embeddable":true,"href":"https:\/\/avocat-grezillier.fr\/index.php\/wp-json\/wp\/v2\/users\/2"}],"replies":[{"embeddable":true,"href":"https:\/\/avocat-grezillier.fr\/index.php\/wp-json\/wp\/v2\/comments?post=529"}],"version-history":[{"count":1,"href":"https:\/\/avocat-grezillier.fr\/index.php\/wp-json\/wp\/v2\/posts\/529\/revisions"}],"predecessor-version":[{"id":531,"href":"https:\/\/avocat-grezillier.fr\/index.php\/wp-json\/wp\/v2\/posts\/529\/revisions\/531"}],"wp:attachment":[{"href":"https:\/\/avocat-grezillier.fr\/index.php\/wp-json\/wp\/v2\/media?parent=529"}],"wp:term":[{"taxonomy":"category","embeddable":true,"href":"https:\/\/avocat-grezillier.fr\/index.php\/wp-json\/wp\/v2\/categories?post=529"},{"taxonomy":"post_tag","embeddable":true,"href":"https:\/\/avocat-grezillier.fr\/index.php\/wp-json\/wp\/v2\/tags?post=529"}],"curies":[{"name":"wp","href":"https:\/\/api.w.org\/{rel}","templated":true}]}}